{"id":26863,"date":"2022-01-13T12:37:00","date_gmt":"2022-01-13T15:37:00","guid":{"rendered":"https:\/\/www.radiopresidenteibanez.cl\/web\/?p=26863"},"modified":"2022-01-13T11:10:13","modified_gmt":"2022-01-13T14:10:13","slug":"tasa-de-ocupacion-informal-de-magallanes-logro-estabilizarse-en-comparacion-al-trimestre-movil-anterior","status":"publish","type":"post","link":"https:\/\/www.radiopresidenteibanez.cl\/web\/tasa-de-ocupacion-informal-de-magallanes-logro-estabilizarse-en-comparacion-al-trimestre-movil-anterior\/","title":{"rendered":"TASA DE OCUPACION INFORMAL DE MAGALLANES LOGRO ESTABILIZARSE EN COMPARACION AL TRIMESTRE MOVIL ANTERIOR"},"content":{"rendered":"\n<p>El Observatorio Laboral del Sence en Magallanes, OLM, public\u00f3 el primer bolet\u00edn del a\u00f1o, el Term\u00f3metro Laboral Enero 2022, que recoge&nbsp;datos del trimestre m\u00f3vil septiembre \u2013 octubre &#8211; noviembre de 2021, relativos al desempleo, la ocupaci\u00f3n y composici\u00f3n de la fuerza de trabajo, calidad del empleo y otros temas relevantes de la regi\u00f3n de Magallanes y la Ant\u00e1rtica Chilena, tomando como base la informaci\u00f3n de la Encuesta Nacional de Empleo del Instituto Nacional de Estad\u00edsticas, INE.<\/p>\n\n\n\n<p><strong>Ocupaci\u00f3n<\/strong><\/p>\n\n\n\n<p>Se registraron 88.780 personas ocupadas, lo que representa un aumento en 10.875 personas en comparaci\u00f3n al mismo trimestre m\u00f3vil del 2020. Esto corresponde a un alza de 6,7 puntos porcentuales (p.p.) en la tasa de ocupaci\u00f3n regional.<\/p>\n\n\n\n<p>Un 4,3% de las personas ocupadas de la regi\u00f3n corresponde a personas que emiten boletas de honorarios. En tanto, las personas que pertenecen a alg\u00fan pueblo originario presentan una tasa de ocupaci\u00f3n de 1,5 puntos porcentuales menor que quienes no pertenecen a uno.<\/p>\n\n\n\n<p>Los trabajadores por cuenta propia aumentaron en 3.340 personas en un a\u00f1o. En el mismo sentido, se registra un aumento de 4.707 trabajadores asalariados privados respecto al mismo trimestre del a\u00f1o anterior; en tanto, los trabajadores asalariados p\u00fablicos han aumentado en 818 personas en un a\u00f1o.<\/p>\n\n\n\n<p><strong>Desocupaci\u00f3n e Inactividad<\/strong><\/p>\n\n\n\n<p>Se registra una tasa de 5,8% de desocupaci\u00f3n en la regi\u00f3n, lo que representa un aumento de 0,3 puntos porcentuales respecto al trimestre m\u00f3vil anterior.<\/p>\n\n\n\n<p>En comparaci\u00f3n con el trimestre septiembre-noviembre 2020, se presenta una disminuci\u00f3n en 2,3 puntos porcentuales. Asimismo, la tasa de inactividad regional a septiembre-noviembre del 2021 alcanza el 36,4%, existiendo una disminuci\u00f3n de 5,7 puntos porcentuales, respecto al mismo trimestre del 2020.<\/p>\n\n\n\n<p><strong>Programas y subsidios de SENCE<\/strong><\/p>\n\n\n\n<p>De septiembre del 2020 a noviembre del 2021 han postulado 10.004 personas a los subsidios Regresa y Contrata, en la regi\u00f3n de Magallanes y la Ant\u00e1rtica Chilena. Desde enero a noviembre del 2021, 5.365 personas han resultado beneficiarias de los subsidios Nuevo Empleo y Protege, y 4.826 personas han recibido bonos al empleo mediante el Bono al Trabajo de la Mujer y el Subsidio al Empleo Joven. En el mismo periodo se ha logrado capacitar a 1.183 personas en la regi\u00f3n.<\/p>\n","protected":false},"excerpt":{"rendered":"<p>El Observatorio Laboral del Sence en Magallanes, OLM, public\u00f3 el primer bolet\u00edn del a\u00f1o, el Term\u00f3metro Laboral Enero 2022, que recoge&nbsp;datos del trimestre m\u00f3vil septiembre \u2013 octubre &#8211; noviembre de&#8230; <a class=\"read-more\" href=\"https:\/\/www.radiopresidenteibanez.cl\/web\/tasa-de-ocupacion-informal-de-magallanes-logro-estabilizarse-en-comparacion-al-trimestre-movil-anterior\/\">Leer m\u00e1s<\/a><\/p>\n","protected":false},"author":2,"featured_media":26864,"comment_status":"closed","ping_status":"closed","sticky":false,"template":"","format":"standard","meta":{"footnotes":""},"categories":[1],"tags":[],"class_list":["post-26863","post","type-post","status-publish","format-standard","has-post-thumbnail","hentry","category-cronica"],"_links":{"self":[{"href":"https:\/\/www.radiopresidenteibanez.cl\/web\/wp-json\/wp\/v2\/posts\/26863","targetHints":{"allow":["GET"]}}],"collection":[{"href":"https:\/\/www.radiopresidenteibanez.cl\/web\/wp-json\/wp\/v2\/posts"}],"about":[{"href":"https:\/\/www.radiopresidenteibanez.cl\/web\/wp-json\/wp\/v2\/types\/post"}],"author":[{"embeddable":true,"href":"https:\/\/www.radiopresidenteibanez.cl\/web\/wp-json\/wp\/v2\/users\/2"}],"replies":[{"embeddable":true,"href":"https:\/\/www.radiopresidenteibanez.cl\/web\/wp-json\/wp\/v2\/comments?post=26863"}],"version-history":[{"count":0,"href":"https:\/\/www.radiopresidenteibanez.cl\/web\/wp-json\/wp\/v2\/posts\/26863\/revisions"}],"wp:featuredmedia":[{"embeddable":true,"href":"https:\/\/www.radiopresidenteibanez.cl\/web\/wp-json\/wp\/v2\/media\/26864"}],"wp:attachment":[{"href":"https:\/\/www.radiopresidenteibanez.cl\/web\/wp-json\/wp\/v2\/media?parent=26863"}],"wp:term":[{"taxonomy":"category","embeddable":true,"href":"https:\/\/www.radiopresidenteibanez.cl\/web\/wp-json\/wp\/v2\/categories?post=26863"},{"taxonomy":"post_tag","embeddable":true,"href":"https:\/\/www.radiopresidenteibanez.cl\/web\/wp-json\/wp\/v2\/tags?post=26863"}],"curies":[{"name":"wp","href":"https:\/\/api.w.org\/{rel}","templated":true}]}}