{"id":26830,"date":"2022-01-12T09:08:00","date_gmt":"2022-01-12T12:08:00","guid":{"rendered":"https:\/\/www.radiopresidenteibanez.cl\/web\/?p=26830"},"modified":"2022-01-14T09:41:54","modified_gmt":"2022-01-14T12:41:54","slug":"epaaustral-renueva-acreditacion-de-trabajadores-en-cursos-omi","status":"publish","type":"post","link":"https:\/\/www.radiopresidenteibanez.cl\/web\/epaaustral-renueva-acreditacion-de-trabajadores-en-cursos-omi\/","title":{"rendered":"EPAUSTRAL RENUEVA ACREDITACION DE TRABAJADORES EN CURSOS OMI"},"content":{"rendered":"\n<p>Alrededor de 30 personas del equipo Epaustral fueron capacitadas en los cursos OMI 4.02 Operador Primera Respuesta (Nivel 1) y OMI 4.03 Supervisor\/Jefe en el lugar del siniestro (Nivel 2).<\/p>\n\n\n\n<p>La jefa de Recursos Humanos de la Empresa Portuaria Austral, Carolina Bahamonde Aguilar, inform\u00f3 que \u00abestas instancias se realizan de manera peri\u00f3dica para acreditar a nuestro equipo con las certificaciones que requiere&nbsp;la Organizaci\u00f3n Mar\u00edtima Internacional (OMI) para realizar faenas relacionadas con la actividad mar\u00edtimo-portuaria\u00bb.<\/p>\n\n\n\n<p>Los talleres fueron realizados por el relator Gudelio Mondaca Oyarz\u00fan, de la OTEC Fundaci\u00f3n Almirante Carlos Condell, quien cuenta con amplia experiencia en la materia.<br><\/p>\n","protected":false},"excerpt":{"rendered":"<p>Alrededor de 30 personas del equipo Epaustral fueron capacitadas en los cursos OMI 4.02 Operador Primera Respuesta (Nivel 1) y OMI 4.03 Supervisor\/Jefe en el lugar del siniestro (Nivel 2)&#8230;. <a class=\"read-more\" href=\"https:\/\/www.radiopresidenteibanez.cl\/web\/epaaustral-renueva-acreditacion-de-trabajadores-en-cursos-omi\/\">Leer m\u00e1s<\/a><\/p>\n","protected":false},"author":2,"featured_media":26831,"comment_status":"closed","ping_status":"closed","sticky":false,"template":"","format":"standard","meta":{"footnotes":""},"categories":[1],"tags":[],"class_list":["post-26830","post","type-post","status-publish","format-standard","has-post-thumbnail","hentry","category-cronica"],"_links":{"self":[{"href":"https:\/\/www.radiopresidenteibanez.cl\/web\/wp-json\/wp\/v2\/posts\/26830","targetHints":{"allow":["GET"]}}],"collection":[{"href":"https:\/\/www.radiopresidenteibanez.cl\/web\/wp-json\/wp\/v2\/posts"}],"about":[{"href":"https:\/\/www.radiopresidenteibanez.cl\/web\/wp-json\/wp\/v2\/types\/post"}],"author":[{"embeddable":true,"href":"https:\/\/www.radiopresidenteibanez.cl\/web\/wp-json\/wp\/v2\/users\/2"}],"replies":[{"embeddable":true,"href":"https:\/\/www.radiopresidenteibanez.cl\/web\/wp-json\/wp\/v2\/comments?post=26830"}],"version-history":[{"count":0,"href":"https:\/\/www.radiopresidenteibanez.cl\/web\/wp-json\/wp\/v2\/posts\/26830\/revisions"}],"wp:featuredmedia":[{"embeddable":true,"href":"https:\/\/www.radiopresidenteibanez.cl\/web\/wp-json\/wp\/v2\/media\/26831"}],"wp:attachment":[{"href":"https:\/\/www.radiopresidenteibanez.cl\/web\/wp-json\/wp\/v2\/media?parent=26830"}],"wp:term":[{"taxonomy":"category","embeddable":true,"href":"https:\/\/www.radiopresidenteibanez.cl\/web\/wp-json\/wp\/v2\/categories?post=26830"},{"taxonomy":"post_tag","embeddable":true,"href":"https:\/\/www.radiopresidenteibanez.cl\/web\/wp-json\/wp\/v2\/tags?post=26830"}],"curies":[{"name":"wp","href":"https:\/\/api.w.org\/{rel}","templated":true}]}}