{"id":26776,"date":"2022-01-08T15:27:00","date_gmt":"2022-01-08T18:27:00","guid":{"rendered":"https:\/\/www.radiopresidenteibanez.cl\/web\/?p=26776"},"modified":"2022-01-06T17:29:12","modified_gmt":"2022-01-06T20:29:12","slug":"fia-destina-60-millones-para-desarrollar-consultorias-y-eventos-para-la-innovacion","status":"publish","type":"post","link":"https:\/\/www.radiopresidenteibanez.cl\/web\/fia-destina-60-millones-para-desarrollar-consultorias-y-eventos-para-la-innovacion\/","title":{"rendered":"FIA DESTINA $60 MILLONES PARA DESARROLLAR CONSULTORIAS Y EVENTOS PARA LA INNOVACION"},"content":{"rendered":"\n<p>Un llamado a\nparticipar de la \u00faltima convocatoria del a\u00f1o 2021, realiz\u00f3 la Secretar\u00eda\nMinisterial de Agricultura; se trata del llamado que est\u00e1 realizando la\nFundaci\u00f3n para la Innovaci\u00f3n Agraria (FIA), que en esta ocasi\u00f3n apuesta por\nimpulsar y fortalecer los procesos de innovaci\u00f3n en las distintas zonas del\npa\u00eds. A trav\u00e9s del concurso \u201cComplementa tu innovaci\u00f3n\u201d, se busca por medio de\neventos y consultor\u00edas para la innovaci\u00f3n, generar impacto y transformar\nproblemas en oportunidades en el sector silvoagropecuario nacional y\/o la\ncadena agroalimentaria asociada.<\/p>\n\n\n\n<p>La Seremi de Agricultura\n(s) Francisca Rojas,&nbsp; manifest\u00f3 que en\ntotal se destinar\u00e1n $60 millones para apoyar aquellas empresas del sector que\nnecesiten ayuda para entregar informaci\u00f3n, experiencias de innovaci\u00f3n y\/o\nnecesiten una asesor\u00eda de expertos, con tal de habilitar y facilitar la\naplicaci\u00f3n de soluciones innovadoras, &nbsp;abordando uno de los tres desaf\u00edos\nestrat\u00e9gicos del sector que son: Eficiencia h\u00eddrica y adaptaci\u00f3n al cambio\nclim\u00e1tico, desarrollo de mercados innovadores y procesos innovadores. Adem\u00e1s\npor segundo a\u00f1o consecutivo, la realizaci\u00f3n de los eventos y consultor\u00edas ser\u00e1n\n100% online.<\/p>\n\n\n\n<p>Agreg\u00f3\nla autoridad del agro que las consultor\u00edas y eventos de innovaci\u00f3n se han\ntransformado en un tremendo apoyo para las empresas vinculadas al sector agro,\nteniendo en cuenta que la mayor\u00eda no posee los mecanismos que les permita\nacceder a personal calificado y fuentes de conocimiento para desarrollar\ninnovaci\u00f3n. Es por esto que el FIA apuesta tambi\u00e9n por generar este tipo de\nconvocatorias que ayudan a disminuir brechas y va en beneficio de todo el\nsector.<\/p>\n\n\n\n<p>La\nconvocatoria va dirigida a todos quienes est\u00e1n vinculados al agro y se dediquen\na la producci\u00f3n, comercializaci\u00f3n, prestaci\u00f3n de servicios, investigaci\u00f3n o\ndocencia. <\/p>\n\n\n\n<p>Las\nbases se encuentran disponibles en el sitio web de FIA (www.fia.cl) y las\npostulaciones se deben presentar en l\u00ednea en la siguiente plataforma: <a href=\"http:\/\/convocatoria.fia.cl\/\">http:\/\/convocatoria.fia.cl\/<\/a>,\nhasta el 17 de marzo.<\/p>\n","protected":false},"excerpt":{"rendered":"<p>Un llamado a participar de la \u00faltima convocatoria del a\u00f1o 2021, realiz\u00f3 la Secretar\u00eda Ministerial de Agricultura; se trata del llamado que est\u00e1 realizando la Fundaci\u00f3n para la Innovaci\u00f3n Agraria&#8230; <a class=\"read-more\" href=\"https:\/\/www.radiopresidenteibanez.cl\/web\/fia-destina-60-millones-para-desarrollar-consultorias-y-eventos-para-la-innovacion\/\">Leer m\u00e1s<\/a><\/p>\n","protected":false},"author":2,"featured_media":26777,"comment_status":"closed","ping_status":"closed","sticky":false,"template":"","format":"standard","meta":{"footnotes":""},"categories":[1],"tags":[],"class_list":["post-26776","post","type-post","status-publish","format-standard","has-post-thumbnail","hentry","category-cronica"],"_links":{"self":[{"href":"https:\/\/www.radiopresidenteibanez.cl\/web\/wp-json\/wp\/v2\/posts\/26776","targetHints":{"allow":["GET"]}}],"collection":[{"href":"https:\/\/www.radiopresidenteibanez.cl\/web\/wp-json\/wp\/v2\/posts"}],"about":[{"href":"https:\/\/www.radiopresidenteibanez.cl\/web\/wp-json\/wp\/v2\/types\/post"}],"author":[{"embeddable":true,"href":"https:\/\/www.radiopresidenteibanez.cl\/web\/wp-json\/wp\/v2\/users\/2"}],"replies":[{"embeddable":true,"href":"https:\/\/www.radiopresidenteibanez.cl\/web\/wp-json\/wp\/v2\/comments?post=26776"}],"version-history":[{"count":0,"href":"https:\/\/www.radiopresidenteibanez.cl\/web\/wp-json\/wp\/v2\/posts\/26776\/revisions"}],"wp:featuredmedia":[{"embeddable":true,"href":"https:\/\/www.radiopresidenteibanez.cl\/web\/wp-json\/wp\/v2\/media\/26777"}],"wp:attachment":[{"href":"https:\/\/www.radiopresidenteibanez.cl\/web\/wp-json\/wp\/v2\/media?parent=26776"}],"wp:term":[{"taxonomy":"category","embeddable":true,"href":"https:\/\/www.radiopresidenteibanez.cl\/web\/wp-json\/wp\/v2\/categories?post=26776"},{"taxonomy":"post_tag","embeddable":true,"href":"https:\/\/www.radiopresidenteibanez.cl\/web\/wp-json\/wp\/v2\/tags?post=26776"}],"curies":[{"name":"wp","href":"https:\/\/api.w.org\/{rel}","templated":true}]}}