{"id":26761,"date":"2022-01-07T12:57:00","date_gmt":"2022-01-07T15:57:00","guid":{"rendered":"https:\/\/www.radiopresidenteibanez.cl\/web\/?p=26761"},"modified":"2022-01-06T11:15:38","modified_gmt":"2022-01-06T14:15:38","slug":"anuncian-pavimentacion-de-112-kilometros-de-calles-pasajes-y-veredas-en-la-region","status":"publish","type":"post","link":"https:\/\/www.radiopresidenteibanez.cl\/web\/anuncian-pavimentacion-de-112-kilometros-de-calles-pasajes-y-veredas-en-la-region\/","title":{"rendered":"ANUNCIAN PAVIMENTACION DE 11,2 KILOMETROS DE CALLES, PASAJES Y VEREDAS EN LA REGION"},"content":{"rendered":"\n<p>En esta ocasi\u00f3n, la cantidad de proyectos seleccionados a nivel nacional fue de 1.769 y contemplan una inversi\u00f3n total de $74.202 millones. Sobre esto, el titular de la cartera asegur\u00f3 que \u201cLas obras urbanas son muy relevantes en la creaci\u00f3n de ciudades m\u00e1s amables, seguras y con criterios de Integraci\u00f3n Social, por eso, en el Minvu estamos comprometidos con mejorar la calidad de vida de las familias del pa\u00eds con soluciones integrales. En ese sentido, este a\u00f1o seleccionamos a trav\u00e9s del 31\u00b0 Llamado del programa de Pavimentos Participativos m\u00e1s de 1.700 proyectos de calles, pasajes y veredas, los que beneficiar\u00e1n a m\u00e1s de 130 mil personas en todo Chile. Esta iniciativa nos permite impactar directamente en el bienestar de las comunidades con proyectos que contribuyen en la seguridad de los barrios\u201d.<\/p>\n\n\n\n<p>Junto con esto, estas iniciativas contribuir\u00e1n a generar cerca de 12 mil empleos en el pa\u00eds. \u201cEl Plan de Recuperaci\u00f3n Econ\u00f3mica y Social que lidera el Presidente Sebasti\u00e1n Pi\u00f1era nos permite ayudar a m\u00e1s familias y mejorar las veredas a lo largo del pa\u00eds, por lo que esperamos que m\u00e1s vecinos se unan a esta iniciativa y juntos sigamos construyendo barrios y ciudades m\u00e1s integradas\u201d, agreg\u00f3 el Ministro Ward.<\/p>\n\n\n\n<p>Cabe destacar que, todos los a\u00f1os y de manera continua, el Minvu abre llamados del Programa Pavimentaci\u00f3n Participativa y Vive tu Vereda, el que entre 2020 y 2021 ha pavimentado cerca de 430 kil\u00f3metros de calles y pasajes, y 500 kil\u00f3metros de veredas. Estas obras representan una inversi\u00f3n programada total cercana a los $190 mil millones.<\/p>\n\n\n\n<p><strong>\u00bfC\u00f3mo postular?<\/strong><\/p>\n\n\n\n<p>Los vecinos se organizan para pavimentar o repavimentar su calle, pasaje o vereda y se dirigen a la Secplac del municipio para consultar c\u00f3mo concretar su idea.<\/p>\n\n\n\n<p>Todos los vecinos de la calle, pasaje o vereda se constituyen como comit\u00e9 de pavimentaci\u00f3n con representaci\u00f3n jur\u00eddica (propia o apadrinado por su junta de vecinos).<\/p>\n\n\n\n<p>El comit\u00e9 re\u00fane el aporte m\u00ednimo requerido en una cuenta de ahorro.<\/p>\n\n\n\n<p>Con el apoyo de la municipalidad y el Serviu, los vecinos deben obtener un proyecto de ingenier\u00eda para la obra.<\/p>\n\n\n\n<p>Una vez que se re\u00fanen todos los antecedentes solicitados por el programa y se llena la ficha de postulaci\u00f3n, la documentaci\u00f3n debe ingresar a la Secplac del municipio.<\/p>\n\n\n\n<p>El Minvu posee una plataforma digital para que los municipios ingresen y validen las postulaciones en los Serviu y las Seremis.<\/p>\n","protected":false},"excerpt":{"rendered":"<p>En esta ocasi\u00f3n, la cantidad de proyectos seleccionados a nivel nacional fue de 1.769 y contemplan una inversi\u00f3n total de $74.202 millones. Sobre esto, el titular de la cartera asegur\u00f3&#8230; <a class=\"read-more\" href=\"https:\/\/www.radiopresidenteibanez.cl\/web\/anuncian-pavimentacion-de-112-kilometros-de-calles-pasajes-y-veredas-en-la-region\/\">Leer m\u00e1s<\/a><\/p>\n","protected":false},"author":2,"featured_media":26762,"comment_status":"closed","ping_status":"closed","sticky":false,"template":"","format":"standard","meta":{"footnotes":""},"categories":[1],"tags":[],"class_list":["post-26761","post","type-post","status-publish","format-standard","has-post-thumbnail","hentry","category-cronica"],"_links":{"self":[{"href":"https:\/\/www.radiopresidenteibanez.cl\/web\/wp-json\/wp\/v2\/posts\/26761","targetHints":{"allow":["GET"]}}],"collection":[{"href":"https:\/\/www.radiopresidenteibanez.cl\/web\/wp-json\/wp\/v2\/posts"}],"about":[{"href":"https:\/\/www.radiopresidenteibanez.cl\/web\/wp-json\/wp\/v2\/types\/post"}],"author":[{"embeddable":true,"href":"https:\/\/www.radiopresidenteibanez.cl\/web\/wp-json\/wp\/v2\/users\/2"}],"replies":[{"embeddable":true,"href":"https:\/\/www.radiopresidenteibanez.cl\/web\/wp-json\/wp\/v2\/comments?post=26761"}],"version-history":[{"count":0,"href":"https:\/\/www.radiopresidenteibanez.cl\/web\/wp-json\/wp\/v2\/posts\/26761\/revisions"}],"wp:featuredmedia":[{"embeddable":true,"href":"https:\/\/www.radiopresidenteibanez.cl\/web\/wp-json\/wp\/v2\/media\/26762"}],"wp:attachment":[{"href":"https:\/\/www.radiopresidenteibanez.cl\/web\/wp-json\/wp\/v2\/media?parent=26761"}],"wp:term":[{"taxonomy":"category","embeddable":true,"href":"https:\/\/www.radiopresidenteibanez.cl\/web\/wp-json\/wp\/v2\/categories?post=26761"},{"taxonomy":"post_tag","embeddable":true,"href":"https:\/\/www.radiopresidenteibanez.cl\/web\/wp-json\/wp\/v2\/tags?post=26761"}],"curies":[{"name":"wp","href":"https:\/\/api.w.org\/{rel}","templated":true}]}}