{"id":26710,"date":"2022-01-05T08:22:43","date_gmt":"2022-01-05T11:22:43","guid":{"rendered":"https:\/\/www.radiopresidenteibanez.cl\/web\/?p=26710"},"modified":"2022-01-05T08:22:48","modified_gmt":"2022-01-05T11:22:48","slug":"sag-llama-a-realizar-declaracion-semestral-de-fauna-silvestre-del-segundo-semestre-2021","status":"publish","type":"post","link":"https:\/\/www.radiopresidenteibanez.cl\/web\/sag-llama-a-realizar-declaracion-semestral-de-fauna-silvestre-del-segundo-semestre-2021\/","title":{"rendered":"SAG LLAMA A REALIZAR DECLARACION SEMESTRAL DE FAUNA SILVESTRE DEL SEGUNDO SEMESTRE 2021"},"content":{"rendered":"\n<p>El pr\u00f3ximo 13 de enero vence el plazo para la recepci\u00f3n de la Declaraci\u00f3n Semestral de Fauna Silvestre con la que deben cumplir los establecimientos inscritos en el Registro Nacional de Tenedores de Fauna Silvestre del Servicio Agr\u00edcola y Ganadero, correspondiente al segundo semestre de 2021.<\/p>\n\n\n\n<p>Para facilitar la llegada de los datos en el marco de la pandemia por Covid-19, en Magallanes, la informaci\u00f3n se puede enviar a trav\u00e9s del correo electr\u00f3nico&nbsp;<a href=\"mailto:contacto.magallanes@sag.gob.cl\" target=\"_blank\" rel=\"noreferrer noopener\">contacto.magallanes@sag.gob.cl<\/a>, en el formato que ya fue distribuido v\u00eda email, o tambi\u00e9n puede ser entregada en papel de forma presencial en las oficinas sectoriales del Servicio.<\/p>\n\n\n\n<p>La Declaraci\u00f3n Semestral de Fauna Silvestre es una obligaci\u00f3n que deben cumplir los centros de reproducci\u00f3n, centros de rehabilitaci\u00f3n o rescate, centros de exhibici\u00f3n, criaderos y los cotos de caza en los meses de enero y julio de cada a\u00f1o, dando cuenta del movimiento de ejemplares. Con la declaraci\u00f3n debe adjuntarse copia de los documentos que certifiquen o acrediten las transferencias efectuadas en el respectivo periodo y los c\u00f3digos de marca de los ejemplares presentes en el plantel.&nbsp;<\/p>\n","protected":false},"excerpt":{"rendered":"<p>El pr\u00f3ximo 13 de enero vence el plazo para la recepci\u00f3n de la Declaraci\u00f3n Semestral de Fauna Silvestre con la que deben cumplir los establecimientos inscritos en el Registro Nacional&#8230; <a class=\"read-more\" href=\"https:\/\/www.radiopresidenteibanez.cl\/web\/sag-llama-a-realizar-declaracion-semestral-de-fauna-silvestre-del-segundo-semestre-2021\/\">Leer m\u00e1s<\/a><\/p>\n","protected":false},"author":2,"featured_media":26711,"comment_status":"closed","ping_status":"closed","sticky":false,"template":"","format":"standard","meta":{"footnotes":""},"categories":[1],"tags":[],"class_list":["post-26710","post","type-post","status-publish","format-standard","has-post-thumbnail","hentry","category-cronica"],"_links":{"self":[{"href":"https:\/\/www.radiopresidenteibanez.cl\/web\/wp-json\/wp\/v2\/posts\/26710","targetHints":{"allow":["GET"]}}],"collection":[{"href":"https:\/\/www.radiopresidenteibanez.cl\/web\/wp-json\/wp\/v2\/posts"}],"about":[{"href":"https:\/\/www.radiopresidenteibanez.cl\/web\/wp-json\/wp\/v2\/types\/post"}],"author":[{"embeddable":true,"href":"https:\/\/www.radiopresidenteibanez.cl\/web\/wp-json\/wp\/v2\/users\/2"}],"replies":[{"embeddable":true,"href":"https:\/\/www.radiopresidenteibanez.cl\/web\/wp-json\/wp\/v2\/comments?post=26710"}],"version-history":[{"count":0,"href":"https:\/\/www.radiopresidenteibanez.cl\/web\/wp-json\/wp\/v2\/posts\/26710\/revisions"}],"wp:featuredmedia":[{"embeddable":true,"href":"https:\/\/www.radiopresidenteibanez.cl\/web\/wp-json\/wp\/v2\/media\/26711"}],"wp:attachment":[{"href":"https:\/\/www.radiopresidenteibanez.cl\/web\/wp-json\/wp\/v2\/media?parent=26710"}],"wp:term":[{"taxonomy":"category","embeddable":true,"href":"https:\/\/www.radiopresidenteibanez.cl\/web\/wp-json\/wp\/v2\/categories?post=26710"},{"taxonomy":"post_tag","embeddable":true,"href":"https:\/\/www.radiopresidenteibanez.cl\/web\/wp-json\/wp\/v2\/tags?post=26710"}],"curies":[{"name":"wp","href":"https:\/\/api.w.org\/{rel}","templated":true}]}}