{"id":26706,"date":"2022-01-04T18:37:00","date_gmt":"2022-01-04T21:37:00","guid":{"rendered":"https:\/\/www.radiopresidenteibanez.cl\/web\/?p=26706"},"modified":"2022-01-04T17:15:31","modified_gmt":"2022-01-04T20:15:31","slug":"mindep-e-ind-realizaran-talleres-de-piscina-para-ninos-ninas-y-adolescentes","status":"publish","type":"post","link":"https:\/\/www.radiopresidenteibanez.cl\/web\/mindep-e-ind-realizaran-talleres-de-piscina-para-ninos-ninas-y-adolescentes\/","title":{"rendered":"MINDEP e IND REALIZARAN TALLERES DE PISCINA PARA NI\u00f1OS, NI\u00f1AS Y ADOLESCENTES"},"content":{"rendered":"\n<p>Las clases de nataci\u00f3n, que se extender\u00e1n por enero y febrero, est\u00e1n\ndirigidas para las edades de 7 a 18 a\u00f1os y ser\u00e1n impartidos por la monitora\nYocelin Guti\u00e9rrez en la piscina Fiscal de Punta Arenas. <\/p>\n\n\n\n<p>\u201cLos talleres de nataci\u00f3n que realizamos como Ministerio del Deporte e\nInstituto Nacional de Deportes siempre han sido muy bien recibidos por nuestros\nusuarios y por eso, a trav\u00e9s del programa Crecer en Movimiento, decidimos\nrealizar estas clases en verano para que los ni\u00f1os, ni\u00f1as y adolescentes puedan\ndisfrutar de las instalaciones de la Piscina Fiscal\u201d, se\u00f1al\u00f3 la Seremi (s) del\nDeporte de Magallanes y la Ant\u00e1rtica Chilena, Liz Casanueva. <\/p>\n\n\n\n<p>Los horarios de los talleres de piscina para ni\u00f1os, ni\u00f1as y adolescentes\nser\u00e1n martes y jueves en dos bloques horarios (10:00 a 10:50 y 11:00 a 11:50)\npara las edades de 7 a 11 a\u00f1os, mientras que las clases para los adolescentes\nde 12 a 18 a\u00f1os se realizar\u00e1n los mi\u00e9rcoles y viernes de 11:00 a 11:50 horas. <\/p>\n\n\n\n<p>Adem\u00e1s de estas clases de verano que se realizar\u00e1n en la piscina Fiscal, el\nprograma Deporte de Participaci\u00f3n Social tiene contemplado el inicio de 20\ntalleres a contar del 10 de enero, los que est\u00e1n destinados a j\u00f3venes y\nadultos.<\/p>\n\n\n\n<p>Dentro de las disciplinas que se llevar\u00e1n a cabo se encuentran yoga, baile\nentretenido, acondicionamiento f\u00edsico, nataci\u00f3n b\u00e1sica y avanzada, power jump,\nbody combat, boxeo, v\u00f3leibol, futsal damas, y danza moderna. <\/p>\n\n\n\n<p>La informaci\u00f3n de d\u00edas, horarios e inscripciones para estos talleres se\ndar\u00e1 a conocer a trav\u00e9s de las redes sociales del Ministerio del Deporte y el\ncorreo <a href=\"mailto:talleresdps2021@gmail.com\">talleresdps2021@gmail.com<\/a>. <\/p>\n","protected":false},"excerpt":{"rendered":"<p>Las clases de nataci\u00f3n, que se extender\u00e1n por enero y febrero, est\u00e1n dirigidas para las edades de 7 a 18 a\u00f1os y ser\u00e1n impartidos por la monitora Yocelin Guti\u00e9rrez en&#8230; <a class=\"read-more\" href=\"https:\/\/www.radiopresidenteibanez.cl\/web\/mindep-e-ind-realizaran-talleres-de-piscina-para-ninos-ninas-y-adolescentes\/\">Leer m\u00e1s<\/a><\/p>\n","protected":false},"author":2,"featured_media":26707,"comment_status":"closed","ping_status":"closed","sticky":false,"template":"","format":"standard","meta":{"footnotes":""},"categories":[1],"tags":[],"class_list":["post-26706","post","type-post","status-publish","format-standard","has-post-thumbnail","hentry","category-cronica"],"_links":{"self":[{"href":"https:\/\/www.radiopresidenteibanez.cl\/web\/wp-json\/wp\/v2\/posts\/26706","targetHints":{"allow":["GET"]}}],"collection":[{"href":"https:\/\/www.radiopresidenteibanez.cl\/web\/wp-json\/wp\/v2\/posts"}],"about":[{"href":"https:\/\/www.radiopresidenteibanez.cl\/web\/wp-json\/wp\/v2\/types\/post"}],"author":[{"embeddable":true,"href":"https:\/\/www.radiopresidenteibanez.cl\/web\/wp-json\/wp\/v2\/users\/2"}],"replies":[{"embeddable":true,"href":"https:\/\/www.radiopresidenteibanez.cl\/web\/wp-json\/wp\/v2\/comments?post=26706"}],"version-history":[{"count":0,"href":"https:\/\/www.radiopresidenteibanez.cl\/web\/wp-json\/wp\/v2\/posts\/26706\/revisions"}],"wp:featuredmedia":[{"embeddable":true,"href":"https:\/\/www.radiopresidenteibanez.cl\/web\/wp-json\/wp\/v2\/media\/26707"}],"wp:attachment":[{"href":"https:\/\/www.radiopresidenteibanez.cl\/web\/wp-json\/wp\/v2\/media?parent=26706"}],"wp:term":[{"taxonomy":"category","embeddable":true,"href":"https:\/\/www.radiopresidenteibanez.cl\/web\/wp-json\/wp\/v2\/categories?post=26706"},{"taxonomy":"post_tag","embeddable":true,"href":"https:\/\/www.radiopresidenteibanez.cl\/web\/wp-json\/wp\/v2\/tags?post=26706"}],"curies":[{"name":"wp","href":"https:\/\/api.w.org\/{rel}","templated":true}]}}