{"id":26700,"date":"2022-01-04T17:04:22","date_gmt":"2022-01-04T20:04:22","guid":{"rendered":"https:\/\/www.radiopresidenteibanez.cl\/web\/?p=26700"},"modified":"2022-01-04T17:04:28","modified_gmt":"2022-01-04T20:04:28","slug":"sercotec-invita-a-toda-la-comunidad-a-la-feria-de-agricultores-este-fin-de-semana","status":"publish","type":"post","link":"https:\/\/www.radiopresidenteibanez.cl\/web\/sercotec-invita-a-toda-la-comunidad-a-la-feria-de-agricultores-este-fin-de-semana\/","title":{"rendered":"SERCOTEC INVITA A TODA LA COMUNIDAD A LA FERIA DE AGRICULTORES ESTE FIN DE SEMANA"},"content":{"rendered":"\n<p>La directora del Servicio\nde Cooperaci\u00f3n T\u00e9cnica, Mar\u00eda Soledad Solo de Zald\u00edvar, asisti\u00f3 a la\ninauguraci\u00f3n de la feria de agricultores de la Asociaci\u00f3n de Agricultores y\nAfines de Magallanes A.G. \u201cQuiero invitar a toda la comunidad a que vengan a\nesta feria ubicada en Av. Los Generales 0350, en Villa Las Nieves. Hay de todo:\nruda, menta, lilium, or\u00e9gano, petunias, lechugas y todo 100% regional\u201d, coment\u00f3\nla directora regional. <\/p>\n\n\n\n<p>Esta feria se realizar\u00e1 el\nviernes 7 y s\u00e1bado 8 desde las 10 hasta las 19 horas en horario continuado. La\nAsociaci\u00f3n de Agricultores y Afines de Magallanes A.G, es una de las\norganizaciones beneficiarias con el programa React\u00edvate Organizaciones\nRegionales. Cada agrupaci\u00f3n recibi\u00f3 $10 millones de pesos para contar con una\nimplementaci\u00f3n adecuada de su local de\nventas de manera que todos los socios puedan desarrollar su actividad econ\u00f3mica\nde forma segura y sustentable; con los recursos obtenidos se implementaron kit\nde sanitizaci\u00f3n, compras de activos fijos para mejorar la atenci\u00f3n de sus\nclientes, como carros y toldos, y para la promoci\u00f3n y publicidad de su local de\nventas. <\/p>\n\n\n\n<p>El representante de la\nAsociaci\u00f3n, Francisco Pati\u00f1o, dijo que, \u201cestamos muy contentos de contar con la\ndirectora de Sercotec en este proyecto -que es gracias al beneficio que nos\nentreg\u00f3 el programa React\u00edvate Organizaciones Regionales- el cual nos ayuda\nbastante\u201d.<\/p>\n\n\n\n<p>Por otro lado, Sergio\nCarrasco, socio de la agrupaci\u00f3n gremial y due\u00f1o de Parcela Las Lomas, recalc\u00f3\nque, \u201clos agricultores son gente muy esforzada que trabajan bien, generalmente\nson productos org\u00e1nicos. Tenemos plantas ornamentales, plantas culinarias,\nhuevos regionales muy frescos. As\u00ed que los dejo invitados a que vengan a esta\nferia. Acomp\u00e1\u00f1ennos\u201d, termin\u00f3. <\/p>\n\n\n\n<p>La feria de agricultores\nest\u00e1 ubicada en Av. Los Generales 0350, Villa Las Nieves y estar\u00e1 abierta\np\u00fablico este viernes y s\u00e1bado de 10 a 19 horas. <\/p>\n","protected":false},"excerpt":{"rendered":"<p>La directora del Servicio de Cooperaci\u00f3n T\u00e9cnica, Mar\u00eda Soledad Solo de Zald\u00edvar, asisti\u00f3 a la inauguraci\u00f3n de la feria de agricultores de la Asociaci\u00f3n de Agricultores y Afines de Magallanes&#8230; <a class=\"read-more\" href=\"https:\/\/www.radiopresidenteibanez.cl\/web\/sercotec-invita-a-toda-la-comunidad-a-la-feria-de-agricultores-este-fin-de-semana\/\">Leer m\u00e1s<\/a><\/p>\n","protected":false},"author":2,"featured_media":26701,"comment_status":"closed","ping_status":"closed","sticky":false,"template":"","format":"standard","meta":{"footnotes":""},"categories":[1],"tags":[],"class_list":["post-26700","post","type-post","status-publish","format-standard","has-post-thumbnail","hentry","category-cronica"],"_links":{"self":[{"href":"https:\/\/www.radiopresidenteibanez.cl\/web\/wp-json\/wp\/v2\/posts\/26700","targetHints":{"allow":["GET"]}}],"collection":[{"href":"https:\/\/www.radiopresidenteibanez.cl\/web\/wp-json\/wp\/v2\/posts"}],"about":[{"href":"https:\/\/www.radiopresidenteibanez.cl\/web\/wp-json\/wp\/v2\/types\/post"}],"author":[{"embeddable":true,"href":"https:\/\/www.radiopresidenteibanez.cl\/web\/wp-json\/wp\/v2\/users\/2"}],"replies":[{"embeddable":true,"href":"https:\/\/www.radiopresidenteibanez.cl\/web\/wp-json\/wp\/v2\/comments?post=26700"}],"version-history":[{"count":0,"href":"https:\/\/www.radiopresidenteibanez.cl\/web\/wp-json\/wp\/v2\/posts\/26700\/revisions"}],"wp:featuredmedia":[{"embeddable":true,"href":"https:\/\/www.radiopresidenteibanez.cl\/web\/wp-json\/wp\/v2\/media\/26701"}],"wp:attachment":[{"href":"https:\/\/www.radiopresidenteibanez.cl\/web\/wp-json\/wp\/v2\/media?parent=26700"}],"wp:term":[{"taxonomy":"category","embeddable":true,"href":"https:\/\/www.radiopresidenteibanez.cl\/web\/wp-json\/wp\/v2\/categories?post=26700"},{"taxonomy":"post_tag","embeddable":true,"href":"https:\/\/www.radiopresidenteibanez.cl\/web\/wp-json\/wp\/v2\/tags?post=26700"}],"curies":[{"name":"wp","href":"https:\/\/api.w.org\/{rel}","templated":true}]}}