{"id":26685,"date":"2022-01-04T08:24:18","date_gmt":"2022-01-04T11:24:18","guid":{"rendered":"https:\/\/www.radiopresidenteibanez.cl\/web\/?p=26685"},"modified":"2022-01-04T08:24:23","modified_gmt":"2022-01-04T11:24:23","slug":"presentan-plaza-en-recuerdo-de-daniela-soto-alvarado","status":"publish","type":"post","link":"https:\/\/www.radiopresidenteibanez.cl\/web\/presentan-plaza-en-recuerdo-de-daniela-soto-alvarado\/","title":{"rendered":"PRESENTAN PLAZA EN RECUERDO DE DANIELA SOTO ALVARADO"},"content":{"rendered":"\n<p>El pasado 29 de diciembre, pasada las 16 horas, el Alcalde Claudio Radonich junto a los padres de Daniela Soto Alvarado, Marcela Alvarado y Sa\u00fal Soto, presentaron la Plaza que desde ahora llevar\u00e1 su nombre, como una homenaje para mantener su recuerdo en los habitantes de la comuna de Punta Arenas.<\/p>\n\n\n\n<p>El espacio ubicado en calle Mardones junto a La Molinera, fue renombrado, gracias a una propuesta realizada por los vecinos del sector y su posterior aprobaci\u00f3n por parte del Concejo Municipal y el Alcalde Radonich, quien destac\u00f3 la figura de Daniela.<\/p>\n\n\n\n<p>\u201cQuiero recordar que ella en el a\u00f1o 2016 fue una de las vecinas destacadas por la Municipalidad de Punta Arenas, por lo que la conoc\u00edamos y apreciamos, raz\u00f3n por la cual gener\u00f3 tanto cari\u00f1o a su alrededor\u201d, expres\u00f3 el jefe comunal.<\/p>\n\n\n\n<p>\u201cEsta es una historia de resiliencia, como la de muchas otras personas que han sufrido producto del c\u00e1ncer. Ella ten\u00eda una cosa distinta, que fue valorada en todos los espacios en los que se desarroll\u00f3 durante su vida, y como Municipalidad, luego de una votaci\u00f3n un\u00e1nime del concejo municipal, accedimos a esta petici\u00f3n que fue realizada por un vecino que pint\u00f3 un mural en recuerdo de ella, as\u00ed que estamos muy contentos junto a la familia de entregar este simb\u00f3lico homenaje para Daniela (Soto Alvarado)\u201d, agreg\u00f3.<\/p>\n\n\n\n<p>En tanto, para Sa\u00fal Soto, padre de Daniela, \u201cesto ha sido muy lindo. Se dio la instancia y luego de todo lo que ha pasado con la pandemia, el se\u00f1or Alcalde pudo retomar y concretar este sue\u00f1o para nosotros. As\u00ed que estamos muy felices y muy contentos, y agradecidos del Concejo y del se\u00f1or Alcalde por la ayuda que siempre nos brind\u00f3\u201d.<\/p>\n\n\n\n<p>Finalmente, Soto agradeci\u00f3 a la gente que los acompa\u00f1\u00f3, a los profesores de la Universidad de Magallanes, quienes seg\u00fan sus propias palabras \u201ca\u00fan la recuerdan con mucho cari\u00f1o, as\u00ed que felices porque sabemos que el esp\u00edritu de Daniela a\u00fan est\u00e1 vivo\u201d.<\/p>\n","protected":false},"excerpt":{"rendered":"<p>El pasado 29 de diciembre, pasada las 16 horas, el Alcalde Claudio Radonich junto a los padres de Daniela Soto Alvarado, Marcela Alvarado y Sa\u00fal Soto, presentaron la Plaza que&#8230; <a class=\"read-more\" href=\"https:\/\/www.radiopresidenteibanez.cl\/web\/presentan-plaza-en-recuerdo-de-daniela-soto-alvarado\/\">Leer m\u00e1s<\/a><\/p>\n","protected":false},"author":2,"featured_media":26686,"comment_status":"closed","ping_status":"closed","sticky":false,"template":"","format":"standard","meta":{"footnotes":""},"categories":[1],"tags":[],"class_list":["post-26685","post","type-post","status-publish","format-standard","has-post-thumbnail","hentry","category-cronica"],"_links":{"self":[{"href":"https:\/\/www.radiopresidenteibanez.cl\/web\/wp-json\/wp\/v2\/posts\/26685","targetHints":{"allow":["GET"]}}],"collection":[{"href":"https:\/\/www.radiopresidenteibanez.cl\/web\/wp-json\/wp\/v2\/posts"}],"about":[{"href":"https:\/\/www.radiopresidenteibanez.cl\/web\/wp-json\/wp\/v2\/types\/post"}],"author":[{"embeddable":true,"href":"https:\/\/www.radiopresidenteibanez.cl\/web\/wp-json\/wp\/v2\/users\/2"}],"replies":[{"embeddable":true,"href":"https:\/\/www.radiopresidenteibanez.cl\/web\/wp-json\/wp\/v2\/comments?post=26685"}],"version-history":[{"count":0,"href":"https:\/\/www.radiopresidenteibanez.cl\/web\/wp-json\/wp\/v2\/posts\/26685\/revisions"}],"wp:featuredmedia":[{"embeddable":true,"href":"https:\/\/www.radiopresidenteibanez.cl\/web\/wp-json\/wp\/v2\/media\/26686"}],"wp:attachment":[{"href":"https:\/\/www.radiopresidenteibanez.cl\/web\/wp-json\/wp\/v2\/media?parent=26685"}],"wp:term":[{"taxonomy":"category","embeddable":true,"href":"https:\/\/www.radiopresidenteibanez.cl\/web\/wp-json\/wp\/v2\/categories?post=26685"},{"taxonomy":"post_tag","embeddable":true,"href":"https:\/\/www.radiopresidenteibanez.cl\/web\/wp-json\/wp\/v2\/tags?post=26685"}],"curies":[{"name":"wp","href":"https:\/\/api.w.org\/{rel}","templated":true}]}}