{"id":2663,"date":"2019-03-26T14:06:24","date_gmt":"2019-03-26T14:06:24","guid":{"rendered":"http:\/\/www.radiopresidenteibanez.cl\/web\/?p=2663"},"modified":"2019-03-26T14:06:45","modified_gmt":"2019-03-26T14:06:45","slug":"subsecretaria-de-prevision-social-explico-proyecto-de-reforma-a-pensiones-con-masiva-asistencia","status":"publish","type":"post","link":"https:\/\/www.radiopresidenteibanez.cl\/web\/subsecretaria-de-prevision-social-explico-proyecto-de-reforma-a-pensiones-con-masiva-asistencia\/","title":{"rendered":"SUBSECRETARIA DE PREVISI\u00d3N SOCIAL EXPLIC\u00d3 PROYECTO DE REFORMA A PENSIONES CON MASIVA ASISTENCIA"},"content":{"rendered":"\n<p>Link de la entrevista en el programa \u00abQue Tarde, Esta Tarde\u00bb:  <br><a href=\"https:\/\/www.facebook.com\/287588041574\/videos\/373747796688658\/\">https:\/\/www.facebook.com\/287588041574\/videos\/373747796688658\/<\/a> <\/p>\n\n\n\n<p>Una masiva asistencia concit\u00f3 esta ma\u00f1ana la charla dictada por la subsecretaria de Previsi\u00f3n Social, Mar\u00eda Jos\u00e9 Zald\u00edvar Larra\u00edn, quien realiz\u00f3 una visita a la regi\u00f3n para dialogar con la comunidad sobre los detalles contenidos en el proyecto de reforma a las pensiones, enviado al Congreso por el ejecutivo en octubre pasado.<\/p>\n\n\n\n<p>A la cita, fijada en el auditorio de la Caja de\nCompensaci\u00f3n La Araucana, llegaron m\u00e1s de 170 personas, en su mayor\u00eda,\nrepresentantes de agrupaciones de adultos mayores de Punta Arenas, pero tambi\u00e9n\nusuarios de servicios de la cartera del Trabajo, trabajadores, funcionarios\np\u00fablicos y autoridades, entre ellas, el intendente regional de Magallanes, Jos\u00e9\nFern\u00e1ndez D\u00fcbrock, adem\u00e1s de miembros del gabinete y directores de servicios, quienes\nescucharon atentamente los pormenores del proyecto.<\/p>\n\n\n\n<p>Al finalizar, las consultas respecto al futuro del proyecto\nno se hicieron esperar, especialmente en torno a los avances de la discusi\u00f3n\nlegislativa, frente a la cual algunos representantes de agrupaciones de adultos\nmayores mostraron su preocupaci\u00f3n y se\u00f1alaron la necesidad de apresurar la\ntramitaci\u00f3n.<\/p>\n\n\n\n<p>Ante esto, la autoridad fue enf\u00e1tica. \u201cNosotros lo que\ntenemos que hacer es un llamado a todos los parlamentarios a que este proyecto\nde ley se apruebe lo antes posible, porque los adultos mayores, tal como lo\ndijeron hoy, necesitan mejorar sus pensiones ahora, no tienen tiempo para\nesperar\u201d.<\/p>\n\n\n\n<p>\u201cEsta\nreforma contempla medidas que se van a hacer efectivas desde el mismo momento\nde la aprobaci\u00f3n de la ley, por tanto, no tenemos tiempo para esperar. Las\nmedidas no son para 40 a\u00f1os m\u00e1s, todas las medidas que perfeccionan el Pilar\nSolidario, van a comenzar a ver sus efectos, apenas sea aprobada la ley, lo\nmismo que el subsidio de dependencia y el aporte para la clase media\u201d, a\u00f1adi\u00f3\ncomentando algunas de las medidas propuestas por el proyecto.<\/p>\n\n\n\n<p>De\nacuerdo a lo expuesto por la autoridad, la iniciativa plantea algunos\nprincipios fundamentales, entre ellos, un mayor gasto fiscal puesto en los m\u00e1s\nvulnerables, las mujeres y la clase media. Un aumento del 4% de cotizaciones de\ncargo del empleador a las cuentas de ahorro de cada trabajador, la creaci\u00f3n de\nun seguro de dependencia y, por \u00faltimo, la incorporaci\u00f3n de seguros contra\nlagunas previsionales para que, cada vez que un trabajador quede en cesant\u00eda,\nexista una cobertura que evitar\u00e1 vac\u00edos en sus cotizaciones mes a mes.<\/p>\n\n\n\n<p>\u201cEsta\nreforma lo que busca es beneficiar a los actuales pensionados, no s\u00f3lo a los\ndel 60% m\u00e1s pobre, sino tambi\u00e9n a todos aquellos que est\u00e1n dentro de la clase\nmedia, para todas aquellas personas que est\u00e1n en una situaci\u00f3n de dependencia\nsevera actualmente o que a futuro caigan en esta situaci\u00f3n de dependencia y\ntambi\u00e9n para los futuros pensionados, o sea los trabajadores activos. Creemos\nque esta reforma aprobada, se va a beneficiar dentro del primer a\u00f1o a un mill\u00f3n\ny medio de personas\u201d, explic\u00f3 Zald\u00edvar.<\/p>\n\n\n\n<p>\u201cPero\nadem\u00e1s, hay muchos chilenos que no pertenecen al 60% m\u00e1s vulnerable y que a\npesar de haber trabajado, nunca en su vida cotizaron y ellos tienen derecho a\nuna pensi\u00f3n, por lo cual, aqu\u00ed nosotros estamos perfeccionando las normativas\npara que esto no siga ocurriendo y podamos tener una cobertura contra estas\nlagunas previsionales\u201d, agreg\u00f3.<\/p>\n\n\n\n<p>Por\n\u00faltimo y ante la pr\u00f3xima marcha anunciada por la coordinadora No M\u00e1s AFP, la\nsubsecretaria realz\u00f3 la importancia contar con una reforma previsional seria y\nsostenible en el tiempo. \u201cNo podemos hacer promesas que s\u00f3lo beneficien a un\ngrupo reducido de la poblaci\u00f3n y no podemos hacer promesas que se agoten en un\nhorizonte de cinco o seis a\u00f1os, por lo cual hizo el llamado a considerar, la\nrealidad actual de los cotizantes y los recursos fiscales disponibles en cada\nzona para hacer propuestas responsables con la ciudadan\u00eda.<\/p>\n\n\n\n<p><strong>Otras actividades<\/strong><\/p>\n\n\n\n<p>En\nel marco de su agenda de actividades en la zona, la subsecretaria encabez\u00f3 la\ninauguraci\u00f3n oficial de la llamada \u201cSucursal Inclusiva\u201d del Instituto de\nPrevisi\u00f3n Social de Magallanes, acompa\u00f1ada por la m\u00e1xima autoridad regional, el\nintendente Jos\u00e9 Fern\u00e1ndez D\u00fcbrock, la Seremi del Trabajo y Previsi\u00f3n Social,\nVictoria Cort\u00e9s y el subdirector del IPS, Juan Jos\u00e9 C\u00e1rcamo. <\/p>\n\n\n\n<p>En\nel lugar, las autoridades y funcionarios recorrieron las instalaciones que hacen\nde esta una sucursal con atenci\u00f3n para personas en situaci\u00f3n de discapacidad,\npersonas de habla no espa\u00f1ola, madres y padres con ni\u00f1os peque\u00f1os, personas no\nvidentes, adultos mayores, entre otros, atendiendo a necesidades particulares\nde los usuarios del servicio a trav\u00e9s de la habilitaci\u00f3n de una sala de\nlactancia, ba\u00f1o universal\/inclusivo con mudador, m\u00f3dulos de\nvideointerpretaci\u00f3n, sector infantil, zona de carga de tel\u00e9fonos celulares,\nentre otras novedades.<\/p>\n\n\n\n<p>Para\nfinalizar, la subsecretaria acompa\u00f1\u00f3 a la Seremi del Trabajo a realizar una\nvisita a uno de los matrimonios beneficiarios del Bono Bodas de Oro, quienes\nhace pocos meses cumplieron sus 50 a\u00f1os de matrimonio y recibieron el beneficio\nque otorga el Estado a las parejas que llegan a esta instancia. <\/p>\n\n\n\n<p>Se trat\u00f3 del matrimonio compuesto por Luis Mu\u00f1oz Aguilar y Marina Cheuquem\u00e1n Trujillo, quienes, acompa\u00f1ados por sus hijos, nietos y bisnietos, se mostraron muy agradecidos con la visita de las autoridades durante la tarde, se\u00f1alando la importancia que tiene para ellos este beneficio, correspondiente a $321.474, que se entrega a cada matrimonio que realiza el tr\u00e1mite del beneficio en IPS tras cumplir sus \u201cBodas de Oro\u201d.<\/p>\n\n\n\n<ul class=\"wp-block-gallery columns-2 is-cropped wp-block-gallery-1 is-layout-flex wp-block-gallery-is-layout-flex\"><li class=\"blocks-gallery-item\"><figure><img loading=\"lazy\" decoding=\"async\" width=\"1024\" height=\"768\" src=\"https:\/\/www.radiopresidenteibanez.cl\/web\/wp-content\/uploads\/2019\/03\/BODAS-DE-ORO-1024x768.jpg\" alt=\"\" data-id=\"2664\" data-link=\"https:\/\/www.radiopresidenteibanez.cl\/web\/?attachment_id=2664\" class=\"wp-image-2664\" srcset=\"https:\/\/www.radiopresidenteibanez.cl\/web\/wp-content\/uploads\/2019\/03\/BODAS-DE-ORO.jpg 1024w, https:\/\/www.radiopresidenteibanez.cl\/web\/wp-content\/uploads\/2019\/03\/BODAS-DE-ORO-300x225.jpg 300w, https:\/\/www.radiopresidenteibanez.cl\/web\/wp-content\/uploads\/2019\/03\/BODAS-DE-ORO-768x576.jpg 768w\" sizes=\"auto, (max-width: 1024px) 100vw, 1024px\" \/><\/figure><\/li><li class=\"blocks-gallery-item\"><figure><img loading=\"lazy\" decoding=\"async\" width=\"1024\" height=\"683\" src=\"https:\/\/www.radiopresidenteibanez.cl\/web\/wp-content\/uploads\/2019\/03\/IMG_001-1024x683.jpg\" alt=\"\" data-id=\"2665\" data-link=\"https:\/\/www.radiopresidenteibanez.cl\/web\/?attachment_id=2665\" class=\"wp-image-2665\" srcset=\"https:\/\/www.radiopresidenteibanez.cl\/web\/wp-content\/uploads\/2019\/03\/IMG_001-1024x683.jpg 1024w, https:\/\/www.radiopresidenteibanez.cl\/web\/wp-content\/uploads\/2019\/03\/IMG_001-300x200.jpg 300w, https:\/\/www.radiopresidenteibanez.cl\/web\/wp-content\/uploads\/2019\/03\/IMG_001-768x512.jpg 768w\" sizes=\"auto, (max-width: 1024px) 100vw, 1024px\" \/><\/figure><\/li><\/ul>\n","protected":false},"excerpt":{"rendered":"<p>Link de la entrevista en el programa \u00abQue Tarde, Esta Tarde\u00bb: https:\/\/www.facebook.com\/287588041574\/videos\/373747796688658\/ Una masiva asistencia concit\u00f3 esta ma\u00f1ana la charla dictada por la subsecretaria de Previsi\u00f3n Social, Mar\u00eda Jos\u00e9 Zald\u00edvar&#8230; <a class=\"read-more\" href=\"https:\/\/www.radiopresidenteibanez.cl\/web\/subsecretaria-de-prevision-social-explico-proyecto-de-reforma-a-pensiones-con-masiva-asistencia\/\">Leer m\u00e1s<\/a><\/p>\n","protected":false},"author":2,"featured_media":2666,"comment_status":"closed","ping_status":"closed","sticky":false,"template":"","format":"standard","meta":{"footnotes":""},"categories":[1,36],"tags":[],"class_list":["post-2663","post","type-post","status-publish","format-standard","has-post-thumbnail","hentry","category-cronica","category-videos"],"_links":{"self":[{"href":"https:\/\/www.radiopresidenteibanez.cl\/web\/wp-json\/wp\/v2\/posts\/2663","targetHints":{"allow":["GET"]}}],"collection":[{"href":"https:\/\/www.radiopresidenteibanez.cl\/web\/wp-json\/wp\/v2\/posts"}],"about":[{"href":"https:\/\/www.radiopresidenteibanez.cl\/web\/wp-json\/wp\/v2\/types\/post"}],"author":[{"embeddable":true,"href":"https:\/\/www.radiopresidenteibanez.cl\/web\/wp-json\/wp\/v2\/users\/2"}],"replies":[{"embeddable":true,"href":"https:\/\/www.radiopresidenteibanez.cl\/web\/wp-json\/wp\/v2\/comments?post=2663"}],"version-history":[{"count":0,"href":"https:\/\/www.radiopresidenteibanez.cl\/web\/wp-json\/wp\/v2\/posts\/2663\/revisions"}],"wp:featuredmedia":[{"embeddable":true,"href":"https:\/\/www.radiopresidenteibanez.cl\/web\/wp-json\/wp\/v2\/media\/2666"}],"wp:attachment":[{"href":"https:\/\/www.radiopresidenteibanez.cl\/web\/wp-json\/wp\/v2\/media?parent=2663"}],"wp:term":[{"taxonomy":"category","embeddable":true,"href":"https:\/\/www.radiopresidenteibanez.cl\/web\/wp-json\/wp\/v2\/categories?post=2663"},{"taxonomy":"post_tag","embeddable":true,"href":"https:\/\/www.radiopresidenteibanez.cl\/web\/wp-json\/wp\/v2\/tags?post=2663"}],"curies":[{"name":"wp","href":"https:\/\/api.w.org\/{rel}","templated":true}]}}