{"id":26627,"date":"2021-12-31T11:57:00","date_gmt":"2021-12-31T14:57:00","guid":{"rendered":"https:\/\/www.radiopresidenteibanez.cl\/web\/?p=26627"},"modified":"2021-12-31T11:33:54","modified_gmt":"2021-12-31T14:33:54","slug":"oficina-de-la-mujer-de-la-municipalidad-de-punta-arenas-capacita-a-carabineros","status":"publish","type":"post","link":"https:\/\/www.radiopresidenteibanez.cl\/web\/oficina-de-la-mujer-de-la-municipalidad-de-punta-arenas-capacita-a-carabineros\/","title":{"rendered":"OFICINA DE LA MUJER DE LA MUNICIPALIDAD DE PUNTA ARENAS CAPACITA A CARABINEROS"},"content":{"rendered":"\n<p>En un trabajo\ncoordinado entre la Secci\u00f3n de Derechos Humanos de la XII Zona de Carabineros\nde Magallanes y Ant\u00e1rtica Chilena y la Oficina de la Mujer de la Ilustre Municipalidad\nde Punta Arenas, se realiz\u00f3 una videoconferencia en la cual, se capacit\u00f3 a m\u00e1s\nde 100 funcionarios de Carabineros en tem\u00e1ticas relacionadas a la primera\nacogida a v\u00edctimas de violencia de g\u00e9nero y al autocuidado que necesitan los\nfuncionarios a cargo de acoger este tipo de denuncias.&nbsp; <\/p>\n\n\n\n<p>Alejandra Concha,\nPsic\u00f3loga de la Oficina Municipal de la Mujer, entreg\u00f3 antecedentes del trabajo\nllevado a cabo con Carabineros: \u201cDesde nuestra perspectiva es vital el trabajo\nen conjunto con la Instituci\u00f3n de Carabineros, debido a que son&nbsp;quienes\nreciben las denuncias de las mujeres v\u00edctimas de violencia y dependiendo de su\nforma de acoger&nbsp;la declaraci\u00f3n, es que las mujeres pueden sentirse\nvalidadas y reconocidas en su doloroso proceso de hacer evidente su historia,\ndonde han sido transgredidos sus derechos como mujer y persona. En este sentido,\nla orientaci\u00f3n y contenci\u00f3n desde un paradigma basado en la empat\u00eda, la escucha\nactiva y evitar prejuicios, es esencial para que las mujeres puedan sentirse\nseguras ante el complejo&nbsp;escenario que se inicia, frente al proceso de\ndenuncia. \u201c<\/p>\n\n\n\n<p>\u201cNuestro apoyo y\ncoordinaci\u00f3n intersectorial puede generar de manera efectiva un cambio en la\nvida y trayectoria de las mujeres que son sobrevivientes de violencia de g\u00e9nero\u201d\n<\/p>\n\n\n\n<p>Del mismo modo,\nFernando Mart\u00ednez, Psic\u00f3logo, tambi\u00e9n integrante de la Oficina Municipal de la\nMujer, enfatiz\u00f3: \u201cDesde nuestro marco de referencia que son las convenciones\nratificadas por el Estado de Chile, consideramos que el desaf\u00edo se encuentra en\nla aplicaci\u00f3n de toda medida y protocolo, que emanan de estos tratados y que\ntienen como objetivo el respeto por los derechos humanos y libertades\nfundamentales de la mujer. \u201c<\/p>\n\n\n\n<p><strong>Importancia\ndel Autocuidado.<\/strong><\/p>\n\n\n\n<p>Respecto a la\nimportancia del autocuidado, Alejandra Concha, se\u00f1ala: \u201cEn cuanto al personal que trabaja en contextos que\nimplican violencia, es vital reconocer que se deben abordar estrategias para\nque funcionarios y profesionales que se desarrollan en este \u00e1mbito, tengan\napoyo tanto en especializaci\u00f3n, capacitaciones y espacios para abordar la\ncomplejidad emocional&nbsp; de lo que implica el trabajo con sobrevivientes de\nviolencia hacia la mujer y el desgaste de trabajar en contextos de intervenci\u00f3n\nen crisis.&nbsp;\u201d <\/p>\n\n\n\n<p>Finalmente, el Cabo 1\u00b0 de\nCarabineros, V\u00edctor Neira Vera, de la Secci\u00f3n Regional de Derechos Humanos y de\nProtecci\u00f3n de la Familia de la XII Zona de Carabineros Magallanes y Ant\u00e1rtica Chilena,\nse\u00f1al\u00f3: \u00abEs especialmente importante, que el personal de Carabineros\nencargado de acoger las denuncias de violencia intrafamiliar, sea\nconstantemente capacitado y sensibilizado en materias asociadas a la primera\nacogida, dada la trascendencia que tiene este hecho para la vida de la persona\nque efect\u00faa una denuncia, la cual toma esta decisi\u00f3n luego de sufrir constantes\nepisodios de violencia, incluso por a\u00f1os. \u201c <\/p>\n","protected":false},"excerpt":{"rendered":"<p>En un trabajo coordinado entre la Secci\u00f3n de Derechos Humanos de la XII Zona de Carabineros de Magallanes y Ant\u00e1rtica Chilena y la Oficina de la Mujer de la Ilustre&#8230; <a class=\"read-more\" href=\"https:\/\/www.radiopresidenteibanez.cl\/web\/oficina-de-la-mujer-de-la-municipalidad-de-punta-arenas-capacita-a-carabineros\/\">Leer m\u00e1s<\/a><\/p>\n","protected":false},"author":2,"featured_media":26628,"comment_status":"closed","ping_status":"closed","sticky":false,"template":"","format":"standard","meta":{"footnotes":""},"categories":[1],"tags":[],"class_list":["post-26627","post","type-post","status-publish","format-standard","has-post-thumbnail","hentry","category-cronica"],"_links":{"self":[{"href":"https:\/\/www.radiopresidenteibanez.cl\/web\/wp-json\/wp\/v2\/posts\/26627","targetHints":{"allow":["GET"]}}],"collection":[{"href":"https:\/\/www.radiopresidenteibanez.cl\/web\/wp-json\/wp\/v2\/posts"}],"about":[{"href":"https:\/\/www.radiopresidenteibanez.cl\/web\/wp-json\/wp\/v2\/types\/post"}],"author":[{"embeddable":true,"href":"https:\/\/www.radiopresidenteibanez.cl\/web\/wp-json\/wp\/v2\/users\/2"}],"replies":[{"embeddable":true,"href":"https:\/\/www.radiopresidenteibanez.cl\/web\/wp-json\/wp\/v2\/comments?post=26627"}],"version-history":[{"count":0,"href":"https:\/\/www.radiopresidenteibanez.cl\/web\/wp-json\/wp\/v2\/posts\/26627\/revisions"}],"wp:featuredmedia":[{"embeddable":true,"href":"https:\/\/www.radiopresidenteibanez.cl\/web\/wp-json\/wp\/v2\/media\/26628"}],"wp:attachment":[{"href":"https:\/\/www.radiopresidenteibanez.cl\/web\/wp-json\/wp\/v2\/media?parent=26627"}],"wp:term":[{"taxonomy":"category","embeddable":true,"href":"https:\/\/www.radiopresidenteibanez.cl\/web\/wp-json\/wp\/v2\/categories?post=26627"},{"taxonomy":"post_tag","embeddable":true,"href":"https:\/\/www.radiopresidenteibanez.cl\/web\/wp-json\/wp\/v2\/tags?post=26627"}],"curies":[{"name":"wp","href":"https:\/\/api.w.org\/{rel}","templated":true}]}}