{"id":26605,"date":"2021-12-30T17:03:02","date_gmt":"2021-12-30T20:03:02","guid":{"rendered":"https:\/\/www.radiopresidenteibanez.cl\/web\/?p=26605"},"modified":"2021-12-30T17:03:09","modified_gmt":"2021-12-30T20:03:09","slug":"pase-de-movilidad-autoridad-sanitaria-recalca-que-se-debe-pedir-y-escanear-documento","status":"publish","type":"post","link":"https:\/\/www.radiopresidenteibanez.cl\/web\/pase-de-movilidad-autoridad-sanitaria-recalca-que-se-debe-pedir-y-escanear-documento\/","title":{"rendered":"Pase de Movilidad: AUTORIDAD SANITARIA RECALCA QUE SE DEBE PEDIR Y ESCANEAR DOCUMENTO"},"content":{"rendered":"\n<p>Esta\nma\u00f1ana la SEREMI de Salud Magallanes realiz\u00f3 una actividad de refuerzo en lo\nque respecta la exigencia del Pase de Movilidad para ingreso a restoranes,\nbares, gimnasios o fuentes de soda. Dicha jornada se realiz\u00f3 en el Caf\u00e9\nAntakarana de Punta Arenas con la finalidad de &nbsp;prevenir contagios dentro de estos locales y\nenmarcado en las acciones preventivas que la Autoridad Sanitaria previo a las Fiestas\nde Fin de A\u00f1o. <\/p>\n\n\n\n<p>Se\ntrata de una medida muy simple y r\u00e1pida, pero que muchas veces se olvida\nrealizar o no se efect\u00faa de manera correcta ya que se ha detectado que algunas\nveces, los establecimientos solo preguntan si se tiene el pase de movilidad,\npero no solicitan mostrarlo. O si lo hacen, no escanean el c\u00f3digo QR, con lo\nque no se cumple con la funci\u00f3n que tiene este pase.<\/p>\n\n\n\n<p>Al\nrespecto Eduardo Castillo, Seremi (s) de Salud dijo que: \u201cQueremos fortalecer\nel control del pase de movilidad, y tambi\u00e9n solicitar a los establecimientos\nque tienen la obligaci\u00f3n de exigirlo, restoranes, caf\u00e9, gimnasios pedir y\nrevisar este pase. Tambi\u00e9n a los clientes de exigir que le pidan el pase ya que\nno basta solo con mostrarlo sino escanearlo pues as\u00ed vemos las personas que\nest\u00e1n inhabilitadas por falta de vacunas o porque deben cumplir cuarentena. Hoy\nnos encontramos con m\u00e1s de 9 mil 500 personas con pase de movilidad y a contar\ndel 1\u00b0 de enero nuestra proyecci\u00f3n es que 23 mil personas m\u00e1s quedar\u00e1n con su\npase de movilidad bloqueado\u201d. <\/p>\n\n\n\n<p>En\ntanto la Sra. Adriana Vera, due\u00f1a del Caf\u00e9 Antakarana agreg\u00f3 que: \u201cEste caf\u00e9\nesta orientado al adulto mayor, es un lugar tranquilo y justamente los adultos\nmayores son muy responsables, el que ingresa tiene esquema completo y presentan\nsu pase de movilidad. Nosotros estuvimos mucho tiempo cerrado y desde enero hasta\nahora hemos podido funcionar. Todos debemos ser responsables y cumplir con las\nmedidas preventivas\u201d. <\/p>\n\n\n\n<p>El Pase de Movilidad es un\ncertificado din\u00e1mico que se obtiene en&nbsp;<a href=\"https:\/\/mevacuno.gob.cl\/\" target=\"_blank\" rel=\"noreferrer noopener\">mevacuno.gob.cl<\/a>&nbsp;y que acredita que la persona que lo\nporta complet\u00f3 su esquema de vacunaci\u00f3n contra el COVID-19 y que ya ha cumplido\nel per\u00edodo de 14 d\u00edas luego de la segunda dosis (o dosis \u00fanica), adem\u00e1s de la\ndosis de refuerzo. El Pase tambi\u00e9n certifica que la persona no se encuentra con\nindicaci\u00f3n de aislamiento obligatorio por la Autoridad Sanitaria (por contacto\nestrecho, caso probable o confirmado).<\/p>\n\n\n\n<p>El Pase de Movilidad otorga\nmayores libertades para las personas que lo tengan pero, sobre todo, diferencia\nlos aforos en reuniones particulares y espacios p\u00fablicos como comercio,\nrestaurantes, gimnasios, eventos con y sin interacci\u00f3n de p\u00fablico, etc. <\/p>\n","protected":false},"excerpt":{"rendered":"<p>Esta ma\u00f1ana la SEREMI de Salud Magallanes realiz\u00f3 una actividad de refuerzo en lo que respecta la exigencia del Pase de Movilidad para ingreso a restoranes, bares, gimnasios o fuentes&#8230; <a class=\"read-more\" href=\"https:\/\/www.radiopresidenteibanez.cl\/web\/pase-de-movilidad-autoridad-sanitaria-recalca-que-se-debe-pedir-y-escanear-documento\/\">Leer m\u00e1s<\/a><\/p>\n","protected":false},"author":2,"featured_media":26606,"comment_status":"closed","ping_status":"closed","sticky":false,"template":"","format":"standard","meta":{"footnotes":""},"categories":[1],"tags":[],"class_list":["post-26605","post","type-post","status-publish","format-standard","has-post-thumbnail","hentry","category-cronica"],"_links":{"self":[{"href":"https:\/\/www.radiopresidenteibanez.cl\/web\/wp-json\/wp\/v2\/posts\/26605","targetHints":{"allow":["GET"]}}],"collection":[{"href":"https:\/\/www.radiopresidenteibanez.cl\/web\/wp-json\/wp\/v2\/posts"}],"about":[{"href":"https:\/\/www.radiopresidenteibanez.cl\/web\/wp-json\/wp\/v2\/types\/post"}],"author":[{"embeddable":true,"href":"https:\/\/www.radiopresidenteibanez.cl\/web\/wp-json\/wp\/v2\/users\/2"}],"replies":[{"embeddable":true,"href":"https:\/\/www.radiopresidenteibanez.cl\/web\/wp-json\/wp\/v2\/comments?post=26605"}],"version-history":[{"count":0,"href":"https:\/\/www.radiopresidenteibanez.cl\/web\/wp-json\/wp\/v2\/posts\/26605\/revisions"}],"wp:featuredmedia":[{"embeddable":true,"href":"https:\/\/www.radiopresidenteibanez.cl\/web\/wp-json\/wp\/v2\/media\/26606"}],"wp:attachment":[{"href":"https:\/\/www.radiopresidenteibanez.cl\/web\/wp-json\/wp\/v2\/media?parent=26605"}],"wp:term":[{"taxonomy":"category","embeddable":true,"href":"https:\/\/www.radiopresidenteibanez.cl\/web\/wp-json\/wp\/v2\/categories?post=26605"},{"taxonomy":"post_tag","embeddable":true,"href":"https:\/\/www.radiopresidenteibanez.cl\/web\/wp-json\/wp\/v2\/tags?post=26605"}],"curies":[{"name":"wp","href":"https:\/\/api.w.org\/{rel}","templated":true}]}}