{"id":2659,"date":"2019-03-26T13:57:00","date_gmt":"2019-03-26T13:57:00","guid":{"rendered":"http:\/\/www.radiopresidenteibanez.cl\/web\/?p=2659"},"modified":"2019-03-26T13:57:34","modified_gmt":"2019-03-26T13:57:34","slug":"bakkavor-chile-s-a-inauguro-el-invernadero-que-fue-donado-al-jardin-infantil-arco-iris-de-porvenir","status":"publish","type":"post","link":"https:\/\/www.radiopresidenteibanez.cl\/web\/bakkavor-chile-s-a-inauguro-el-invernadero-que-fue-donado-al-jardin-infantil-arco-iris-de-porvenir\/","title":{"rendered":"BAKKAVOR CHILE S.A. INAUGUR\u00d3 EL INVERNADERO QUE FUE DONADO AL JARDIN INFANTIL ARCO IRIS DE PORVENIR"},"content":{"rendered":"\n<p>Bakkavor Chile S.A hace entrega\noficial del Invernadero para el Jard\u00edn Infantil y Sala Cuna \u201cArcoiris\u201d de la\nComuna de Porvenir, para lograr el principal objetivo de que nuestros ni\u00f1os\naprendan jugando felices, transformando y contribuyendo a un mundo mejor. <\/p>\n\n\n\n<p>La entrega se realiz\u00f3 con una Tradicional Ceremonia Mapuche, d\u00f3nde los ni\u00f1os, padres, educadoras y personal de Bakkavor Chile agradecen a la Madre Tierra, pidiendo que el trabajo a realizar en el Invernadero sea fruct\u00edfero para nuestros ni\u00f1os, expres\u00f3 Rodrigo Allimant, Gerente General de la Empresa.\u00a0\u00a0\u00a0\u00a0 <\/p>\n\n\n\n<ul class=\"wp-block-gallery columns-2 is-cropped wp-block-gallery-1 is-layout-flex wp-block-gallery-is-layout-flex\"><li class=\"blocks-gallery-item\"><figure><img loading=\"lazy\" decoding=\"async\" width=\"900\" height=\"506\" src=\"https:\/\/www.radiopresidenteibanez.cl\/web\/wp-content\/uploads\/2019\/03\/6-DSC04478-Invernadero.jpg\" alt=\"\" data-id=\"2660\" data-link=\"https:\/\/www.radiopresidenteibanez.cl\/web\/?attachment_id=2660\" class=\"wp-image-2660\" srcset=\"https:\/\/www.radiopresidenteibanez.cl\/web\/wp-content\/uploads\/2019\/03\/6-DSC04478-Invernadero.jpg 900w, https:\/\/www.radiopresidenteibanez.cl\/web\/wp-content\/uploads\/2019\/03\/6-DSC04478-Invernadero-300x169.jpg 300w, https:\/\/www.radiopresidenteibanez.cl\/web\/wp-content\/uploads\/2019\/03\/6-DSC04478-Invernadero-768x432.jpg 768w\" sizes=\"auto, (max-width: 900px) 100vw, 900px\" \/><\/figure><\/li><li class=\"blocks-gallery-item\"><figure><img loading=\"lazy\" decoding=\"async\" width=\"900\" height=\"506\" src=\"https:\/\/www.radiopresidenteibanez.cl\/web\/wp-content\/uploads\/2019\/03\/7-DSC04479-Invernadero.jpg\" alt=\"\" data-id=\"2661\" data-link=\"https:\/\/www.radiopresidenteibanez.cl\/web\/?attachment_id=2661\" class=\"wp-image-2661\" srcset=\"https:\/\/www.radiopresidenteibanez.cl\/web\/wp-content\/uploads\/2019\/03\/7-DSC04479-Invernadero.jpg 900w, https:\/\/www.radiopresidenteibanez.cl\/web\/wp-content\/uploads\/2019\/03\/7-DSC04479-Invernadero-300x169.jpg 300w, https:\/\/www.radiopresidenteibanez.cl\/web\/wp-content\/uploads\/2019\/03\/7-DSC04479-Invernadero-768x432.jpg 768w\" sizes=\"auto, (max-width: 900px) 100vw, 900px\" \/><\/figure><\/li><\/ul>\n","protected":false},"excerpt":{"rendered":"<p>Bakkavor Chile S.A hace entrega oficial del Invernadero para el Jard\u00edn Infantil y Sala Cuna \u201cArcoiris\u201d de la Comuna de Porvenir, para lograr el principal objetivo de que nuestros ni\u00f1os&#8230; <a class=\"read-more\" href=\"https:\/\/www.radiopresidenteibanez.cl\/web\/bakkavor-chile-s-a-inauguro-el-invernadero-que-fue-donado-al-jardin-infantil-arco-iris-de-porvenir\/\">Leer m\u00e1s<\/a><\/p>\n","protected":false},"author":2,"featured_media":0,"comment_status":"closed","ping_status":"closed","sticky":false,"template":"","format":"standard","meta":{"footnotes":""},"categories":[1],"tags":[],"class_list":["post-2659","post","type-post","status-publish","format-standard","hentry","category-cronica"],"_links":{"self":[{"href":"https:\/\/www.radiopresidenteibanez.cl\/web\/wp-json\/wp\/v2\/posts\/2659","targetHints":{"allow":["GET"]}}],"collection":[{"href":"https:\/\/www.radiopresidenteibanez.cl\/web\/wp-json\/wp\/v2\/posts"}],"about":[{"href":"https:\/\/www.radiopresidenteibanez.cl\/web\/wp-json\/wp\/v2\/types\/post"}],"author":[{"embeddable":true,"href":"https:\/\/www.radiopresidenteibanez.cl\/web\/wp-json\/wp\/v2\/users\/2"}],"replies":[{"embeddable":true,"href":"https:\/\/www.radiopresidenteibanez.cl\/web\/wp-json\/wp\/v2\/comments?post=2659"}],"version-history":[{"count":0,"href":"https:\/\/www.radiopresidenteibanez.cl\/web\/wp-json\/wp\/v2\/posts\/2659\/revisions"}],"wp:attachment":[{"href":"https:\/\/www.radiopresidenteibanez.cl\/web\/wp-json\/wp\/v2\/media?parent=2659"}],"wp:term":[{"taxonomy":"category","embeddable":true,"href":"https:\/\/www.radiopresidenteibanez.cl\/web\/wp-json\/wp\/v2\/categories?post=2659"},{"taxonomy":"post_tag","embeddable":true,"href":"https:\/\/www.radiopresidenteibanez.cl\/web\/wp-json\/wp\/v2\/tags?post=2659"}],"curies":[{"name":"wp","href":"https:\/\/api.w.org\/{rel}","templated":true}]}}