{"id":26529,"date":"2021-12-27T08:53:00","date_gmt":"2021-12-27T11:53:00","guid":{"rendered":"https:\/\/www.radiopresidenteibanez.cl\/web\/?p=26529"},"modified":"2021-12-27T08:32:10","modified_gmt":"2021-12-27T11:32:10","slug":"convencional-elisa-giustinianovich-propone-estado-regional-autonomo-como-nueva-forma-de-organizacion-territorial","status":"publish","type":"post","link":"https:\/\/www.radiopresidenteibanez.cl\/web\/convencional-elisa-giustinianovich-propone-estado-regional-autonomo-como-nueva-forma-de-organizacion-territorial\/","title":{"rendered":"CONVENCIONAL ELISA GIUSTINIANOVICH PROPONE \u201cESTADO REGIONAL AUTONOMO\u201d COMO NUEVA FORMA DE ORGANIZACION TERRITORIAL"},"content":{"rendered":"\n<p>Desde la Regi\u00f3n de\nAys\u00e9n -donde estuvieron sesionando a partir del lunes en Ma\u00f1ihuales, Puerto\nCisnes, Villa Cerro Castillo, Puerto Ingeniero Ib\u00e1\u00f1ez, y Coyhaique-, catorce\nconvencionales pertenecientes a la comisi\u00f3n de Forma de Estado, Ordenamiento,\nAutonom\u00eda, Descentralizaci\u00f3n, Equidad, Justicia Territorial, Gobiernos Locales\ny Organizaci\u00f3n Fiscal, ingresaron su primera iniciativa convencional\nconstituyente la cual busca consagrar un Estado Regional y entidades\nterritoriales aut\u00f3nomas en la nueva constituci\u00f3n.<\/p>\n\n\n\n<p>En solo dos meses de\nfuncionamiento, esta comisi\u00f3n recorri\u00f3 la mitad de las regiones del pa\u00eds y las\ncinco macrozonas, avanzando con el mandato establecido por el Reglamento\nGeneral. \u201cNos hemos sumergido en una escucha activa y atenta a la realidad\nregional y rural del pa\u00eds, de Arica a la Patagonia tomando nota de las\ngrav\u00edsimas consecuencias que ha arrastra el estado hipercentralizado\u201d,\ndetallan.<\/p>\n\n\n\n<p>As\u00ed lo subray\u00f3 la Constituyente de la Coordinadora\nSocial de Magallanes, Elisa Giustinianovich, quien patrocin\u00f3 esta iniciativa:\n\u201cEsta norma pretende iniciar un camino para superar siglos de tradici\u00f3n\ncentralista y autoritaria que ha neutralizado a los pueblos y a los\nterritorios, a las regiones, a tomar las decisiones fundamentales sobre sus\nasuntos p\u00fablicos\u201d se\u00f1al\u00f3, agregando: \u201cSabemos que cambiar de una forma de\nestado a otra no tiene ning\u00fan atajo, pero tenemos la confianza y esperanza que\nuna vez aprobado este nuevo marco constitucional, ser\u00e1n las mismas comunidades\nlas que lo van a impulsar. Llamamos a que sigan acompa\u00f1ando este proceso para\nque la autonom\u00eda efectiva de los territorios, para que los horizontes de\nautogobierno sean una realidad\u201d.<\/p>\n\n\n\n<p>Tras analizar opciones\ncomo insistir en la descentralizaci\u00f3n desde el Estado Unitario, se acord\u00f3\ntransversalmente con las distintas fuerzas pol\u00edticas, por la distribuci\u00f3n del\npoder pol\u00edtico en el territorio a partir de la multiplicaci\u00f3n de los centros\npol\u00edticos con autonom\u00edas a lo largo del pa\u00eds, \u201cencontrando en la f\u00f3rmula o\narreglo regional auton\u00f3mico, una propuesta mucho m\u00e1s flexible y abierta, con\nexperiencia comparada que dialoga con la realidad local, adaptable al caso de\nChile y que nos permite avanzar con responsabilidad y paso firme en la\nconsecuci\u00f3n de alcanzar altos grados de autonom\u00eda, reconociendo las\ncaracter\u00edsticas propias de los territorios y comunidades pol\u00edticas\u201d, aseguran\nlas y los convencionales.<\/p>\n\n\n\n<p>En el detalle, la\npropuesta normativa define a Chile como \u201cun Estado Regional conformado por\nentidades territoriales aut\u00f3nomas, en un marco de equidad y solidaridad entre\ntodas ellas, preservando la unidad e integridad del Estado\u201d, en donde \u201cse\npromover\u00e1 la cooperaci\u00f3n, desarrollo arm\u00f3nico, adecuado y justo entre las\ndiversas entidades territoriales, atendiendo especialmente a aquellas ubicadas\nen territorios insulares y zonas extremas\u201d.<\/p>\n\n\n\n<p>Sobre las entidades\nterritoriales, puntualiza: \u201cLas regiones aut\u00f3nomas y las comunas cuentan con\npersonalidad jur\u00eddica, estatuto y patrimonio propio, con las potestades y\ncompetencias necesarias para autogobernarse, teniendo como l\u00edmite s\u00f3lo el\ninter\u00e9s general y la delimitaci\u00f3n de competencias establecidas de acuerdo con\nla Constituci\u00f3n y la ley\u201d. Adem\u00e1s, se\u00f1ala \u201cla creaci\u00f3n, modificaci\u00f3n,\ndelimitaci\u00f3n y supresi\u00f3n de las entidades territoriales deber\u00e1 considerar\ncriterios hist\u00f3ricos, geogr\u00e1ficos, sociales, culturales, ecosist\u00e9micos y\necon\u00f3micos, garantizando la participaci\u00f3n popular, democr\u00e1tica y vinculante de\nsus habitantes\u201d.<\/p>\n\n\n\n<p><br>\nLa iniciativa convencional constituyente ingresada &#8211; la cual tiene como requisito\nser presentada entre 8 a 16 convencionales-, se debe deliberar dentro de la\nComisi\u00f3n de Forma de Estado, y tras su eventual aprobaci\u00f3n por la mayor\u00eda de\nsus integrantes, pasa al pleno para su aprobaci\u00f3n definitiva.<\/p>\n","protected":false},"excerpt":{"rendered":"<p>Desde la Regi\u00f3n de Ays\u00e9n -donde estuvieron sesionando a partir del lunes en Ma\u00f1ihuales, Puerto Cisnes, Villa Cerro Castillo, Puerto Ingeniero Ib\u00e1\u00f1ez, y Coyhaique-, catorce convencionales pertenecientes a la comisi\u00f3n&#8230; <a class=\"read-more\" href=\"https:\/\/www.radiopresidenteibanez.cl\/web\/convencional-elisa-giustinianovich-propone-estado-regional-autonomo-como-nueva-forma-de-organizacion-territorial\/\">Leer m\u00e1s<\/a><\/p>\n","protected":false},"author":2,"featured_media":26530,"comment_status":"closed","ping_status":"closed","sticky":false,"template":"","format":"standard","meta":{"footnotes":""},"categories":[1],"tags":[],"class_list":["post-26529","post","type-post","status-publish","format-standard","has-post-thumbnail","hentry","category-cronica"],"_links":{"self":[{"href":"https:\/\/www.radiopresidenteibanez.cl\/web\/wp-json\/wp\/v2\/posts\/26529","targetHints":{"allow":["GET"]}}],"collection":[{"href":"https:\/\/www.radiopresidenteibanez.cl\/web\/wp-json\/wp\/v2\/posts"}],"about":[{"href":"https:\/\/www.radiopresidenteibanez.cl\/web\/wp-json\/wp\/v2\/types\/post"}],"author":[{"embeddable":true,"href":"https:\/\/www.radiopresidenteibanez.cl\/web\/wp-json\/wp\/v2\/users\/2"}],"replies":[{"embeddable":true,"href":"https:\/\/www.radiopresidenteibanez.cl\/web\/wp-json\/wp\/v2\/comments?post=26529"}],"version-history":[{"count":0,"href":"https:\/\/www.radiopresidenteibanez.cl\/web\/wp-json\/wp\/v2\/posts\/26529\/revisions"}],"wp:featuredmedia":[{"embeddable":true,"href":"https:\/\/www.radiopresidenteibanez.cl\/web\/wp-json\/wp\/v2\/media\/26530"}],"wp:attachment":[{"href":"https:\/\/www.radiopresidenteibanez.cl\/web\/wp-json\/wp\/v2\/media?parent=26529"}],"wp:term":[{"taxonomy":"category","embeddable":true,"href":"https:\/\/www.radiopresidenteibanez.cl\/web\/wp-json\/wp\/v2\/categories?post=26529"},{"taxonomy":"post_tag","embeddable":true,"href":"https:\/\/www.radiopresidenteibanez.cl\/web\/wp-json\/wp\/v2\/tags?post=26529"}],"curies":[{"name":"wp","href":"https:\/\/api.w.org\/{rel}","templated":true}]}}