{"id":26524,"date":"2021-12-24T13:07:00","date_gmt":"2021-12-24T16:07:00","guid":{"rendered":"https:\/\/www.radiopresidenteibanez.cl\/web\/?p=26524"},"modified":"2021-12-24T11:10:33","modified_gmt":"2021-12-24T14:10:33","slug":"parvulos-de-integra-y-viejo-pascuero-del-hospital-clinico-les-desean-felices-fiestas","status":"publish","type":"post","link":"https:\/\/www.radiopresidenteibanez.cl\/web\/parvulos-de-integra-y-viejo-pascuero-del-hospital-clinico-les-desean-felices-fiestas\/","title":{"rendered":"\u00a1PARVULOS DE INTEGRA Y VIEJO PASCUERO DEL HOSPITAL CLINICO LES DESEAN FELICES FIESTAS!"},"content":{"rendered":"\n<p>Una gran sorpresa recibieron\nlos p\u00e1rvulos del jard\u00edn infantil y sala cuna Keola Kipa de Fundaci\u00f3n Integra,\ncelebrando la Navidad en compa\u00f1\u00eda del Viejo Pascuero del Centro de\nResponsabilidad de Medicina del Hospital Cl\u00ednico Magallanes.<\/p>\n\n\n\n<p>Fueron m\u00e1s de 50 ni\u00f1os y ni\u00f1as\nde los niveles medios y sala cuna, quienes vivieron una jornada de alegr\u00eda\njunto al Viejo Pascuero del centro asistencial, quien sorprendi\u00f3 a los parvulos\ncon regalos y colaciones saludables, dando un toque de magia al cierre de a\u00f1o\n2021 en el establecimiento.<\/p>\n\n\n\n<p>Como ya toda una tradici\u00f3n, el\npascuero de la salud y el equipo de profesionales apadrinaron de forma\nvoluntaria a un jardin infantil de Integra \u201cy como comunidad educativa esto es\nalgo que agradecemos y destacamos pues nuestros ni\u00f1os y ni\u00f1as recibieron una\ngran sorpresa, y adem\u00e1s de sus regalos, pudieron compartir momentos m\u00e1gicos y\nser felices, que es lo m\u00e1s importante. Estas acciones desinteresadas, poniendo\nsiempre a los ni\u00f1os y ni\u00f1as como centro, son las que m\u00e1s necesitamos,\nespecialmente en estas fechas de reflexi\u00f3n y reencuentro\u201d, se\u00f1al\u00f3 la directora\ndel jard\u00edn Keola Kipa, Mariana Gonz\u00e1lez.<\/p>\n\n\n\n<p>Por su parte, el Dr. H\u00e9ctor G\u00f3mez,\nJefe CR Medicina HCM enfatiz\u00f3 que \u00abes un gusto para nosotros ver a los\nni\u00f1os sonreir y ser felices, eso es lo m\u00e1s importante. Como otros a\u00f1os, esto\nfue una colaboraci\u00f3n conjunta de todo el CR de Medicina quienes quisieron\nsumarse a esta linda iniciativa y participar con el coraz\u00f3n. Nos encanta\ncolaborar y regalar alegr\u00eda\u00bb.<\/p>\n\n\n\n<p>Finalmente, el Viejo Pascuero,\njunto a los ni\u00f1os y ni\u00f1as del establecimiento, a nombre del personal del\nHospital Cl\u00ednico Magallanes y Fundaci\u00f3n Integra, les desean felices fiestas a\ntodos, en paz, armon\u00eda y salud, junto a sus seres queridos.<\/p>\n","protected":false},"excerpt":{"rendered":"<p>Una gran sorpresa recibieron los p\u00e1rvulos del jard\u00edn infantil y sala cuna Keola Kipa de Fundaci\u00f3n Integra, celebrando la Navidad en compa\u00f1\u00eda del Viejo Pascuero del Centro de Responsabilidad de&#8230; <a class=\"read-more\" href=\"https:\/\/www.radiopresidenteibanez.cl\/web\/parvulos-de-integra-y-viejo-pascuero-del-hospital-clinico-les-desean-felices-fiestas\/\">Leer m\u00e1s<\/a><\/p>\n","protected":false},"author":2,"featured_media":26525,"comment_status":"closed","ping_status":"closed","sticky":false,"template":"","format":"standard","meta":{"footnotes":""},"categories":[1],"tags":[],"class_list":["post-26524","post","type-post","status-publish","format-standard","has-post-thumbnail","hentry","category-cronica"],"_links":{"self":[{"href":"https:\/\/www.radiopresidenteibanez.cl\/web\/wp-json\/wp\/v2\/posts\/26524","targetHints":{"allow":["GET"]}}],"collection":[{"href":"https:\/\/www.radiopresidenteibanez.cl\/web\/wp-json\/wp\/v2\/posts"}],"about":[{"href":"https:\/\/www.radiopresidenteibanez.cl\/web\/wp-json\/wp\/v2\/types\/post"}],"author":[{"embeddable":true,"href":"https:\/\/www.radiopresidenteibanez.cl\/web\/wp-json\/wp\/v2\/users\/2"}],"replies":[{"embeddable":true,"href":"https:\/\/www.radiopresidenteibanez.cl\/web\/wp-json\/wp\/v2\/comments?post=26524"}],"version-history":[{"count":0,"href":"https:\/\/www.radiopresidenteibanez.cl\/web\/wp-json\/wp\/v2\/posts\/26524\/revisions"}],"wp:featuredmedia":[{"embeddable":true,"href":"https:\/\/www.radiopresidenteibanez.cl\/web\/wp-json\/wp\/v2\/media\/26525"}],"wp:attachment":[{"href":"https:\/\/www.radiopresidenteibanez.cl\/web\/wp-json\/wp\/v2\/media?parent=26524"}],"wp:term":[{"taxonomy":"category","embeddable":true,"href":"https:\/\/www.radiopresidenteibanez.cl\/web\/wp-json\/wp\/v2\/categories?post=26524"},{"taxonomy":"post_tag","embeddable":true,"href":"https:\/\/www.radiopresidenteibanez.cl\/web\/wp-json\/wp\/v2\/tags?post=26524"}],"curies":[{"name":"wp","href":"https:\/\/api.w.org\/{rel}","templated":true}]}}