{"id":26521,"date":"2021-12-24T11:28:00","date_gmt":"2021-12-24T14:28:00","guid":{"rendered":"https:\/\/www.radiopresidenteibanez.cl\/web\/?p=26521"},"modified":"2021-12-24T10:53:52","modified_gmt":"2021-12-24T13:53:52","slug":"enap-finaliza-cursos-de-capacitacion-con-entrega-de-productos-navidenos-a-casa-del-samaritano","status":"publish","type":"post","link":"https:\/\/www.radiopresidenteibanez.cl\/web\/enap-finaliza-cursos-de-capacitacion-con-entrega-de-productos-navidenos-a-casa-del-samaritano\/","title":{"rendered":"ENAP FINALIZA CURSOS DE CAPACITACI\u00d3N CON ENTREGA DE PRODUCTOS NAVIDE\u00d1OS A CASA DEL SAMARITANO"},"content":{"rendered":"\n<p>Cerrando con\n\u00e9xito las capacitaciones impulsadas este a\u00f1o en la regi\u00f3n, ENAP Magallanes\nrealiz\u00f3 la entrega de productos navide\u00f1os a los adultos mayores de la Casa del\nSamaritano, en Punta Arenas.<\/p>\n\n\n\n<p>Los productos\nfueron elaborados por las alumnas del curso Pasteler\u00eda Navide\u00f1a Saludable,\nquienes quisieron culminar su capacitaci\u00f3n aportando ricas creaciones a las\npersonas que son acogidas en ese hogar ben\u00e9fico. \u201cS\u00faper contenta con la\noportunidad y m\u00e1s a\u00fan poder ayudar, ya que a nosotras nos ayudaron tambi\u00e9n. Nos\nsentimos orgullosas de haber hecho este curso y ojal\u00e1 se pueda seguir ayudando,\nya que contamos con nuevas herramientas para hacerlo\u201d, expres\u00f3 Paola P\u00e9rez, una\nde las alumnas. <\/p>\n\n\n\n<p>Patricia\nBarrientos, otra de las participantes, tambi\u00e9n agradeci\u00f3 la oportunidad. \u201cEn\npandemia part\u00ed mi emprendimiento de galletas y este curso es espectacular, es\nuna gran oportunidad, porque son cursos escasos y muy caros. Quiero agradecer a\nENAP y a quienes lo han hecho posible. Felicitar a quienes hacen posible esto y\nque nosotros tambi\u00e9n podamos ayudar a otros, muy linda iniciativa\u201d, se\u00f1al\u00f3.<\/p>\n\n\n\n<p>Marielin\nSaravia, directora t\u00e9cnica de la Casa del Samaritano, agradeci\u00f3 el gesto de\napoyar a quienes hoy son parte del hogar. \u201cTenemos 27 adultos mayores, con\ndistintos niveles de dependencia, y me parece muy bien que nos hayan venido a\nentregar estos productos, m\u00e1s a\u00fan en tiempos de pandemia, donde cuesta tanto\nllegar con ayudas, especialmente a nuestros adultos mayores que tienen algunas\npatolog\u00edas\u201d, manifest\u00f3.<\/p>\n\n\n\n<p>El director\nejecutivo de FIDE XII, Reinaldo Leiva, agradeci\u00f3 la iniciativa de ENAP para\npoder visibilizar el trabajo que realizan con los adultos mayores. \u201cAgradecido\npor este aporte. Nos interesa mucho que la comunidad conozca esta obra y se\nhaga parte. El entregar este aporte, tiene un significado doble, por un lado,\nla generosidad de estas emprendedoras; y, por otro lado, que sepan que\nexistimos\u201d, se\u00f1al\u00f3.<\/p>\n","protected":false},"excerpt":{"rendered":"<p>Cerrando con \u00e9xito las capacitaciones impulsadas este a\u00f1o en la regi\u00f3n, ENAP Magallanes realiz\u00f3 la entrega de productos navide\u00f1os a los adultos mayores de la Casa del Samaritano, en Punta&#8230; <a class=\"read-more\" href=\"https:\/\/www.radiopresidenteibanez.cl\/web\/enap-finaliza-cursos-de-capacitacion-con-entrega-de-productos-navidenos-a-casa-del-samaritano\/\">Leer m\u00e1s<\/a><\/p>\n","protected":false},"author":2,"featured_media":26522,"comment_status":"closed","ping_status":"closed","sticky":false,"template":"","format":"standard","meta":{"footnotes":""},"categories":[1],"tags":[],"class_list":["post-26521","post","type-post","status-publish","format-standard","has-post-thumbnail","hentry","category-cronica"],"_links":{"self":[{"href":"https:\/\/www.radiopresidenteibanez.cl\/web\/wp-json\/wp\/v2\/posts\/26521","targetHints":{"allow":["GET"]}}],"collection":[{"href":"https:\/\/www.radiopresidenteibanez.cl\/web\/wp-json\/wp\/v2\/posts"}],"about":[{"href":"https:\/\/www.radiopresidenteibanez.cl\/web\/wp-json\/wp\/v2\/types\/post"}],"author":[{"embeddable":true,"href":"https:\/\/www.radiopresidenteibanez.cl\/web\/wp-json\/wp\/v2\/users\/2"}],"replies":[{"embeddable":true,"href":"https:\/\/www.radiopresidenteibanez.cl\/web\/wp-json\/wp\/v2\/comments?post=26521"}],"version-history":[{"count":0,"href":"https:\/\/www.radiopresidenteibanez.cl\/web\/wp-json\/wp\/v2\/posts\/26521\/revisions"}],"wp:featuredmedia":[{"embeddable":true,"href":"https:\/\/www.radiopresidenteibanez.cl\/web\/wp-json\/wp\/v2\/media\/26522"}],"wp:attachment":[{"href":"https:\/\/www.radiopresidenteibanez.cl\/web\/wp-json\/wp\/v2\/media?parent=26521"}],"wp:term":[{"taxonomy":"category","embeddable":true,"href":"https:\/\/www.radiopresidenteibanez.cl\/web\/wp-json\/wp\/v2\/categories?post=26521"},{"taxonomy":"post_tag","embeddable":true,"href":"https:\/\/www.radiopresidenteibanez.cl\/web\/wp-json\/wp\/v2\/tags?post=26521"}],"curies":[{"name":"wp","href":"https:\/\/api.w.org\/{rel}","templated":true}]}}