{"id":2652,"date":"2019-03-25T15:53:13","date_gmt":"2019-03-25T15:53:13","guid":{"rendered":"http:\/\/www.radiopresidenteibanez.cl\/web\/?p=2652"},"modified":"2019-03-25T15:53:29","modified_gmt":"2019-03-25T15:53:29","slug":"subsecretaria-de-prevision-social-se-reunion-con-un-grupo-de-adultos-mayores-para-abordar-el-proyecto-de-pensiones","status":"publish","type":"post","link":"https:\/\/www.radiopresidenteibanez.cl\/web\/subsecretaria-de-prevision-social-se-reunion-con-un-grupo-de-adultos-mayores-para-abordar-el-proyecto-de-pensiones\/","title":{"rendered":"SUBSECRETARIA DE PREVISI\u00d3N SOCIAL, SE REUNI\u00d3N CON UN GRUPO DE ADULTOS MAYORES PARA ABORDAR EL PROYECTO DE PENSIONES"},"content":{"rendered":"\n<p>Con la presencia de la Subsecretaria de Previsi\u00f3n Social, Mar\u00eda Jos\u00e9 Zaldivar, el Intendente de la Regi\u00f3n de Magallanes, Jos\u00e9 Fern\u00e1ndez, la seremi de Gobierno, Alejandra Mu\u00f1oz y la seremi del Trabajo y Previsi\u00f3n Social, Victoria Cortes, entre otras autoridades, en el tercer piso de las dependencias de \u00abLa Araucana\u00bb en Punta Arenas, se realiz\u00f3 una reuni\u00f3n junto a un grupo de adultos mayores para abordar detalles del proyecto de pensiones en Chile.<\/p>\n\n\n\n<figure class=\"wp-block-image\"><img loading=\"lazy\" decoding=\"async\" width=\"900\" height=\"675\" src=\"https:\/\/www.radiopresidenteibanez.cl\/web\/wp-content\/uploads\/2019\/03\/IMG_20190325_105839.jpg\" alt=\"\" class=\"wp-image-2653\" srcset=\"https:\/\/www.radiopresidenteibanez.cl\/web\/wp-content\/uploads\/2019\/03\/IMG_20190325_105839.jpg 900w, https:\/\/www.radiopresidenteibanez.cl\/web\/wp-content\/uploads\/2019\/03\/IMG_20190325_105839-300x225.jpg 300w, https:\/\/www.radiopresidenteibanez.cl\/web\/wp-content\/uploads\/2019\/03\/IMG_20190325_105839-768x576.jpg 768w\" sizes=\"auto, (max-width: 900px) 100vw, 900px\" \/><figcaption>dav<\/figcaption><\/figure>\n","protected":false},"excerpt":{"rendered":"<p>Con la presencia de la Subsecretaria de Previsi\u00f3n Social, Mar\u00eda Jos\u00e9 Zaldivar, el Intendente de la Regi\u00f3n de Magallanes, Jos\u00e9 Fern\u00e1ndez, la seremi de Gobierno, Alejandra Mu\u00f1oz y la seremi&#8230; <a class=\"read-more\" href=\"https:\/\/www.radiopresidenteibanez.cl\/web\/subsecretaria-de-prevision-social-se-reunion-con-un-grupo-de-adultos-mayores-para-abordar-el-proyecto-de-pensiones\/\">Leer m\u00e1s<\/a><\/p>\n","protected":false},"author":2,"featured_media":2653,"comment_status":"closed","ping_status":"closed","sticky":false,"template":"","format":"standard","meta":{"footnotes":""},"categories":[1],"tags":[],"class_list":["post-2652","post","type-post","status-publish","format-standard","has-post-thumbnail","hentry","category-cronica"],"_links":{"self":[{"href":"https:\/\/www.radiopresidenteibanez.cl\/web\/wp-json\/wp\/v2\/posts\/2652","targetHints":{"allow":["GET"]}}],"collection":[{"href":"https:\/\/www.radiopresidenteibanez.cl\/web\/wp-json\/wp\/v2\/posts"}],"about":[{"href":"https:\/\/www.radiopresidenteibanez.cl\/web\/wp-json\/wp\/v2\/types\/post"}],"author":[{"embeddable":true,"href":"https:\/\/www.radiopresidenteibanez.cl\/web\/wp-json\/wp\/v2\/users\/2"}],"replies":[{"embeddable":true,"href":"https:\/\/www.radiopresidenteibanez.cl\/web\/wp-json\/wp\/v2\/comments?post=2652"}],"version-history":[{"count":0,"href":"https:\/\/www.radiopresidenteibanez.cl\/web\/wp-json\/wp\/v2\/posts\/2652\/revisions"}],"wp:featuredmedia":[{"embeddable":true,"href":"https:\/\/www.radiopresidenteibanez.cl\/web\/wp-json\/wp\/v2\/media\/2653"}],"wp:attachment":[{"href":"https:\/\/www.radiopresidenteibanez.cl\/web\/wp-json\/wp\/v2\/media?parent=2652"}],"wp:term":[{"taxonomy":"category","embeddable":true,"href":"https:\/\/www.radiopresidenteibanez.cl\/web\/wp-json\/wp\/v2\/categories?post=2652"},{"taxonomy":"post_tag","embeddable":true,"href":"https:\/\/www.radiopresidenteibanez.cl\/web\/wp-json\/wp\/v2\/tags?post=2652"}],"curies":[{"name":"wp","href":"https:\/\/api.w.org\/{rel}","templated":true}]}}