{"id":2647,"date":"2019-03-25T15:44:53","date_gmt":"2019-03-25T15:44:53","guid":{"rendered":"http:\/\/www.radiopresidenteibanez.cl\/web\/?p=2647"},"modified":"2019-03-25T15:45:06","modified_gmt":"2019-03-25T15:45:06","slug":"establecimientos-educacionales-de-la-comuna-rindieron-homenaje-a-la-fuerza-aerea-de-chile","status":"publish","type":"post","link":"https:\/\/www.radiopresidenteibanez.cl\/web\/establecimientos-educacionales-de-la-comuna-rindieron-homenaje-a-la-fuerza-aerea-de-chile\/","title":{"rendered":"ESTABLECIMIENTOS EDUCACIONALES DE LA COMUNA RINDIERON HOMENAJE A LA FUERZA A\u00c9REA DE CHILE."},"content":{"rendered":"\n<p>Enmarcado\nen las celebraciones del Octog\u00e9simo Noveno aniversario de la Fuerza A\u00e9rea de\nChile, el d\u00eda 24 de marzo en la plaza de armas de Punta Arenas, se llev\u00f3 a\nefecto el desfile c\u00edvico-militar con que los establecimientos educacionales de\nla comuna rindieron homenaje a nuestra Instituci\u00f3n.<\/p>\n\n\n\n<p>Se trat\u00f3 de los estandartes y abanderados de establecimientos educacionales de ense\u00f1anza media, que marcharon junto a los efectivos de la Cuarta Brigada A\u00e9rea, a los sones de la banda instrumental de la Quinta Divisi\u00f3n de Ej\u00e9rcito y banda de guerra de la Cuarta Brigada A\u00e9rea. <\/p>\n\n\n\n<ul class=\"wp-block-gallery columns-2 is-cropped wp-block-gallery-1 is-layout-flex wp-block-gallery-is-layout-flex\"><li class=\"blocks-gallery-item\"><figure><img loading=\"lazy\" decoding=\"async\" width=\"900\" height=\"596\" src=\"https:\/\/www.radiopresidenteibanez.cl\/web\/wp-content\/uploads\/2019\/03\/DSC_0992.jpg\" alt=\"\" data-id=\"2648\" data-link=\"https:\/\/www.radiopresidenteibanez.cl\/web\/?attachment_id=2648\" class=\"wp-image-2648\" srcset=\"https:\/\/www.radiopresidenteibanez.cl\/web\/wp-content\/uploads\/2019\/03\/DSC_0992.jpg 900w, https:\/\/www.radiopresidenteibanez.cl\/web\/wp-content\/uploads\/2019\/03\/DSC_0992-300x199.jpg 300w, https:\/\/www.radiopresidenteibanez.cl\/web\/wp-content\/uploads\/2019\/03\/DSC_0992-768x509.jpg 768w\" sizes=\"auto, (max-width: 900px) 100vw, 900px\" \/><\/figure><\/li><li class=\"blocks-gallery-item\"><figure><img loading=\"lazy\" decoding=\"async\" width=\"900\" height=\"615\" src=\"https:\/\/www.radiopresidenteibanez.cl\/web\/wp-content\/uploads\/2019\/03\/DSC_1081.jpg\" alt=\"\" data-id=\"2649\" data-link=\"https:\/\/www.radiopresidenteibanez.cl\/web\/?attachment_id=2649\" class=\"wp-image-2649\" srcset=\"https:\/\/www.radiopresidenteibanez.cl\/web\/wp-content\/uploads\/2019\/03\/DSC_1081.jpg 900w, https:\/\/www.radiopresidenteibanez.cl\/web\/wp-content\/uploads\/2019\/03\/DSC_1081-300x205.jpg 300w, https:\/\/www.radiopresidenteibanez.cl\/web\/wp-content\/uploads\/2019\/03\/DSC_1081-768x525.jpg 768w\" sizes=\"auto, (max-width: 900px) 100vw, 900px\" \/><\/figure><\/li><li class=\"blocks-gallery-item\"><figure><img loading=\"lazy\" decoding=\"async\" width=\"900\" height=\"575\" src=\"https:\/\/www.radiopresidenteibanez.cl\/web\/wp-content\/uploads\/2019\/03\/DSC_1087.jpg\" alt=\"\" data-id=\"2650\" data-link=\"https:\/\/www.radiopresidenteibanez.cl\/web\/?attachment_id=2650\" class=\"wp-image-2650\" srcset=\"https:\/\/www.radiopresidenteibanez.cl\/web\/wp-content\/uploads\/2019\/03\/DSC_1087.jpg 900w, https:\/\/www.radiopresidenteibanez.cl\/web\/wp-content\/uploads\/2019\/03\/DSC_1087-300x192.jpg 300w, https:\/\/www.radiopresidenteibanez.cl\/web\/wp-content\/uploads\/2019\/03\/DSC_1087-768x491.jpg 768w\" sizes=\"auto, (max-width: 900px) 100vw, 900px\" \/><\/figure><\/li><\/ul>\n","protected":false},"excerpt":{"rendered":"<p>Enmarcado en las celebraciones del Octog\u00e9simo Noveno aniversario de la Fuerza A\u00e9rea de Chile, el d\u00eda 24 de marzo en la plaza de armas de Punta Arenas, se llev\u00f3 a&#8230; <a class=\"read-more\" href=\"https:\/\/www.radiopresidenteibanez.cl\/web\/establecimientos-educacionales-de-la-comuna-rindieron-homenaje-a-la-fuerza-aerea-de-chile\/\">Leer m\u00e1s<\/a><\/p>\n","protected":false},"author":2,"featured_media":2649,"comment_status":"closed","ping_status":"closed","sticky":false,"template":"","format":"standard","meta":{"footnotes":""},"categories":[1],"tags":[],"class_list":["post-2647","post","type-post","status-publish","format-standard","has-post-thumbnail","hentry","category-cronica"],"_links":{"self":[{"href":"https:\/\/www.radiopresidenteibanez.cl\/web\/wp-json\/wp\/v2\/posts\/2647","targetHints":{"allow":["GET"]}}],"collection":[{"href":"https:\/\/www.radiopresidenteibanez.cl\/web\/wp-json\/wp\/v2\/posts"}],"about":[{"href":"https:\/\/www.radiopresidenteibanez.cl\/web\/wp-json\/wp\/v2\/types\/post"}],"author":[{"embeddable":true,"href":"https:\/\/www.radiopresidenteibanez.cl\/web\/wp-json\/wp\/v2\/users\/2"}],"replies":[{"embeddable":true,"href":"https:\/\/www.radiopresidenteibanez.cl\/web\/wp-json\/wp\/v2\/comments?post=2647"}],"version-history":[{"count":0,"href":"https:\/\/www.radiopresidenteibanez.cl\/web\/wp-json\/wp\/v2\/posts\/2647\/revisions"}],"wp:featuredmedia":[{"embeddable":true,"href":"https:\/\/www.radiopresidenteibanez.cl\/web\/wp-json\/wp\/v2\/media\/2649"}],"wp:attachment":[{"href":"https:\/\/www.radiopresidenteibanez.cl\/web\/wp-json\/wp\/v2\/media?parent=2647"}],"wp:term":[{"taxonomy":"category","embeddable":true,"href":"https:\/\/www.radiopresidenteibanez.cl\/web\/wp-json\/wp\/v2\/categories?post=2647"},{"taxonomy":"post_tag","embeddable":true,"href":"https:\/\/www.radiopresidenteibanez.cl\/web\/wp-json\/wp\/v2\/tags?post=2647"}],"curies":[{"name":"wp","href":"https:\/\/api.w.org\/{rel}","templated":true}]}}