{"id":26409,"date":"2021-12-22T12:13:00","date_gmt":"2021-12-22T15:13:00","guid":{"rendered":"https:\/\/www.radiopresidenteibanez.cl\/web\/?p=26409"},"modified":"2021-12-22T11:13:20","modified_gmt":"2021-12-22T14:13:20","slug":"umag-servicio-salud-y-hospital-clinico-refrendan-alianza-y-suscriben-convenio-marco-de-colaboracion","status":"publish","type":"post","link":"https:\/\/www.radiopresidenteibanez.cl\/web\/umag-servicio-salud-y-hospital-clinico-refrendan-alianza-y-suscriben-convenio-marco-de-colaboracion\/","title":{"rendered":"UMAG, SERVICIO SALUD Y HOSPITAL CLINICO REFRENDAN ALIANZA Y SUSCRIBEN CONVENIO MARCO DE COLABORACION"},"content":{"rendered":"\n<p>Con el objetivo de fortalecer y ampliar el v\u00ednculo interinstitucional ya existente por varias d\u00e9cadas en la regi\u00f3n, este martes, la Universidad de Magallanes (UMAG), el Servicio de Salud Magallanes (SSM) y el Hospital Cl\u00ednico de Magallanes \u201cLautaro Navarro Avaria\u201d (HCM), firmaron un convenio marco de colaboraci\u00f3n que dar\u00e1 pie a un trabajo conjunto e integrativo en el \u00e1rea de la salud p\u00fablica en todo el territorio.<\/p>\n\n\n\n<p>El acuerdo se formaliz\u00f3 mediante una ceremonia celebrada en la Sala de Consejo Hernando de Magallanes de la UMAG, lugar donde el rector Juan Oyarzo acompa\u00f1ado de su equipo de gesti\u00f3n, junto al director (S) del SSM, Ricardo Contreras y el director (S) del HCM, Marcelo Torres, refrendaron esta alianza, destacando la disposici\u00f3n de sus entidades de continuar y robustecer esta relaci\u00f3n que tiene como fin \u00faltimo velar por la calidad de la salud de la poblaci\u00f3n magall\u00e1nica.<\/p>\n\n\n\n<p>\u201cHoy d\u00eda la relaci\u00f3n entre nuestras instituciones va mucho m\u00e1s all\u00e1 que s\u00f3lo el campo cl\u00ednico, es decir, hay un trabajo permanente de integraci\u00f3n, de investigaci\u00f3n, de comunicaciones, etc. Y este convenio, permite, justamente, una integraci\u00f3n mucho mayor en las distintas \u00e1reas del saber, en que, claramente, aspiramos, de esta manera, en conjunto, potenciar el objetivo principal que es la salud p\u00fablica de todos los habitantes de nuestra regi\u00f3n\u201d, subray\u00f3 el jefe del Servicio de Salud, Ricardo Contreras.<\/p>\n\n\n\n<p>Por su parte, el rector de la UMAG, Juan Oyarzo, enfatiz\u00f3 que \u201cla relaci\u00f3n entre estas tres instituciones data de muchos a\u00f1os y esto viene a concretar el v\u00ednculo que tenemos con ellos pensando en los nuevos tiempos que hoy d\u00eda estamos viviendo, sobre todo, con el tema de la pandemia\u201d. A su juicio, se trata de una alianza que se va a ver potenciada, en adelante, con el funcionamiento del Centro Asistencial Docente y de Investigaci\u00f3n (CADI), que permitir\u00e1, de acuerdo se\u00f1al\u00f3, \u201cseguir incursionando en la investigaci\u00f3n y en la innovaci\u00f3n como el polo cient\u00edfico y tecnol\u00f3gico que aspiramos ser como regi\u00f3n\u201d.<\/p>\n\n\n\n<p>De esta forma y de acuerdo establece el documento, las partes cooperar\u00e1n mutuamente en implementar acciones e iniciativas que se enmarquen en los \u00e1mbitos productivo, social y cultural de su quehacer, incorporando, en su implementaci\u00f3n, a los dem\u00e1s establecimientos de la Red Asistencial Regional como son los hospitales de Puerto Natales, Porvenir y Puerto Williams, la Unidad de Salud Mental del mismo Servicio y el Servicio de Atenci\u00f3n M\u00e9dica de Urgencias (SAMU).<\/p>\n","protected":false},"excerpt":{"rendered":"<p>Con el objetivo de fortalecer y ampliar el v\u00ednculo interinstitucional ya existente por varias d\u00e9cadas en la regi\u00f3n, este martes, la Universidad de Magallanes (UMAG), el Servicio de Salud Magallanes&#8230; <a class=\"read-more\" href=\"https:\/\/www.radiopresidenteibanez.cl\/web\/umag-servicio-salud-y-hospital-clinico-refrendan-alianza-y-suscriben-convenio-marco-de-colaboracion\/\">Leer m\u00e1s<\/a><\/p>\n","protected":false},"author":2,"featured_media":26410,"comment_status":"closed","ping_status":"closed","sticky":false,"template":"","format":"standard","meta":{"footnotes":""},"categories":[1],"tags":[],"class_list":["post-26409","post","type-post","status-publish","format-standard","has-post-thumbnail","hentry","category-cronica"],"_links":{"self":[{"href":"https:\/\/www.radiopresidenteibanez.cl\/web\/wp-json\/wp\/v2\/posts\/26409","targetHints":{"allow":["GET"]}}],"collection":[{"href":"https:\/\/www.radiopresidenteibanez.cl\/web\/wp-json\/wp\/v2\/posts"}],"about":[{"href":"https:\/\/www.radiopresidenteibanez.cl\/web\/wp-json\/wp\/v2\/types\/post"}],"author":[{"embeddable":true,"href":"https:\/\/www.radiopresidenteibanez.cl\/web\/wp-json\/wp\/v2\/users\/2"}],"replies":[{"embeddable":true,"href":"https:\/\/www.radiopresidenteibanez.cl\/web\/wp-json\/wp\/v2\/comments?post=26409"}],"version-history":[{"count":0,"href":"https:\/\/www.radiopresidenteibanez.cl\/web\/wp-json\/wp\/v2\/posts\/26409\/revisions"}],"wp:featuredmedia":[{"embeddable":true,"href":"https:\/\/www.radiopresidenteibanez.cl\/web\/wp-json\/wp\/v2\/media\/26410"}],"wp:attachment":[{"href":"https:\/\/www.radiopresidenteibanez.cl\/web\/wp-json\/wp\/v2\/media?parent=26409"}],"wp:term":[{"taxonomy":"category","embeddable":true,"href":"https:\/\/www.radiopresidenteibanez.cl\/web\/wp-json\/wp\/v2\/categories?post=26409"},{"taxonomy":"post_tag","embeddable":true,"href":"https:\/\/www.radiopresidenteibanez.cl\/web\/wp-json\/wp\/v2\/tags?post=26409"}],"curies":[{"name":"wp","href":"https:\/\/api.w.org\/{rel}","templated":true}]}}