{"id":26406,"date":"2021-12-22T11:29:00","date_gmt":"2021-12-22T14:29:00","guid":{"rendered":"https:\/\/www.radiopresidenteibanez.cl\/web\/?p=26406"},"modified":"2021-12-22T10:50:29","modified_gmt":"2021-12-22T13:50:29","slug":"en-magallanes-se-comienza-a-abrir-el-mercado-de-la-electromovilidad-vehicular","status":"publish","type":"post","link":"https:\/\/www.radiopresidenteibanez.cl\/web\/en-magallanes-se-comienza-a-abrir-el-mercado-de-la-electromovilidad-vehicular\/","title":{"rendered":"EN MAGALLANES SE COMIENZA A ABRIR EL MERCADO DE LA ELECTROMOVILIDAD VEHICULAR"},"content":{"rendered":"\n<p>En el marco de la Estrategia Nacional de Electromovilidad, el SEREMI de Energ\u00eda de Magallanes, V\u00edctor Fern\u00e1ndez Salinas y su par de Transportes y Telecomunicaciones, Marco Mella, invitados por la empresa familiar \u201cLa Guarida Motos y Patagonia Motorcycle\u201d, asistieron esta tarde a la presentaci\u00f3n de la primera partida de motocicletas el\u00e9ctricas que se comercializar\u00e1n en la regi\u00f3n.<\/p>\n\n\n\n<p><strong>NUEVO MERCADO VEHICULAR<\/strong><\/p>\n\n\n\n<p>En la ocasi\u00f3n, las autoridades regionales destacaron la iniciativa que vendr\u00e1 a \u201cimpulsar en Magallanes el mercado de la electromovilidad vehicular, con lo que esperamos que este primer paso se consolide y, adem\u00e1s, se refuerce en el transcurso del tiempo\u201d, dijeron.<\/p>\n\n\n\n<p>La Estrategia Nacional de Electromovilidad lanzada hace dos meses, contempla una serie de acciones para incentivar su desarrollo como, por ejemplo, el reci\u00e9n elaborado proyecto de ley de Transici\u00f3n Energ\u00e9tica que considera, entre otros puntos, eximir gradualmente el pago del permiso de circulaci\u00f3n para veh\u00edculos el\u00e9ctricos. &nbsp;&nbsp;&nbsp;<\/p>\n\n\n\n<p>\u201cEstamos aline\u00e1ndonos energ\u00e9tica y medioambientalmente con nuestra meta pa\u00eds de carbono neutralidad hacia el 2050 -que esperamos adelantar-. Esto se est\u00e1 consiguiendo a trav\u00e9s del dise\u00f1o e implementaci\u00f3n de pol\u00edticas p\u00fablicas de Estado que traspasen los sucesivos gobiernos\u201d, afirm\u00f3 el SEREMI de Energ\u00eda V\u00edctor Fern\u00e1ndez Salinas. &nbsp;<\/p>\n\n\n\n<p>El titular regional del ramo a\u00f1adi\u00f3 que \u201cnuestra misi\u00f3n como Gobierno es seguir avanzando, porque esta es la d\u00e9cada en la que consolidaremos a Chile como un pa\u00eds de energ\u00edas limpias. As\u00ed, estaremos mejorando la calidad de vida de los chilenos y aportando a la competitividad de nuestras industrias; ello, gracias a una una matriz energ\u00e9tica limpia y \u00f3ptima para el desarrollo de la electromovilidad\u201d, asegur\u00f3.<\/p>\n\n\n\n<p>Por su parte, la autoridad regional de Transporte y Telecomunicaciones, Marco Mella se\u00f1al\u00f3&nbsp;en este sentido, que \u201cla electromovilidad es clave para avanzar hacia ciudades m\u00e1s sostenibles, donde el transporte p\u00fablico y privado tienen un rol fundamental\u201d, apunt\u00f3.<\/p>\n\n\n\n<p>Mella tambi\u00e9n afirm\u00f3 que desde su cartera \u201cse ha estado impulsando este importante cambio, por lo que, en este contexto, celebramos las iniciativas tanto p\u00fablicas como privadas que apuntan en esa direcci\u00f3n para, a partir del 2035, el 100% de las ventas de veh\u00edculos livianos y medianos sean cero emisiones; objetivo que es uno de los m\u00e1s ambiciosos que se ha trazado la Estrategia de Electromovilidad\u201d.<\/p>\n\n\n\n<p>La actividad de lanzamiento organizada por el Gerente y propietario de \u201cLa Guarida Motos y Patagonia Motorcycle\u201d, Salvador Harambour, detall\u00f3 que la idea de poner en venta motocicletas el\u00e9ctricas en Magallanes busca, entre otras metas, dar el puntapi\u00e9 inicial al mercado de la electromovilidad vehicular para que comience a masificarse.<\/p>\n\n\n\n<p>\u201cComo empresa familiar nos interesa desarrollar nuestro emprendimiento en l\u00ednea con los objetivos de eficiencia energ\u00e9tica y electromovilidad que el pa\u00eds se ha propuesto y, junto con esto, contribuir en la lucha contra el cambio clim\u00e1tico, marcando un hito en la historia vehicular de nuestra regi\u00f3n\u201d, remarc\u00f3. &nbsp;<\/p>\n\n\n\n<p>Finalmente, Harambour explic\u00f3 que los modelos de las motos que trajo son eficientes, econ\u00f3micos y casi insonoros. &nbsp;<\/p>\n\n\n\n<p>\u201cLos 100 km cuestan menos de 200 pesos. La autonom\u00eda llega a los 110 km, con una potencia m\u00e1xima equivalente a los 125 cc, que permite alcanzar hasta 110 km\/h. En tanto, su peso bordea los 84 kg\u201d, precis\u00f3.<\/p>\n","protected":false},"excerpt":{"rendered":"<p>En el marco de la Estrategia Nacional de Electromovilidad, el SEREMI de Energ\u00eda de Magallanes, V\u00edctor Fern\u00e1ndez Salinas y su par de Transportes y Telecomunicaciones, Marco Mella, invitados por la&#8230; <a class=\"read-more\" href=\"https:\/\/www.radiopresidenteibanez.cl\/web\/en-magallanes-se-comienza-a-abrir-el-mercado-de-la-electromovilidad-vehicular\/\">Leer m\u00e1s<\/a><\/p>\n","protected":false},"author":2,"featured_media":26407,"comment_status":"closed","ping_status":"closed","sticky":false,"template":"","format":"standard","meta":{"footnotes":""},"categories":[1],"tags":[],"class_list":["post-26406","post","type-post","status-publish","format-standard","has-post-thumbnail","hentry","category-cronica"],"_links":{"self":[{"href":"https:\/\/www.radiopresidenteibanez.cl\/web\/wp-json\/wp\/v2\/posts\/26406","targetHints":{"allow":["GET"]}}],"collection":[{"href":"https:\/\/www.radiopresidenteibanez.cl\/web\/wp-json\/wp\/v2\/posts"}],"about":[{"href":"https:\/\/www.radiopresidenteibanez.cl\/web\/wp-json\/wp\/v2\/types\/post"}],"author":[{"embeddable":true,"href":"https:\/\/www.radiopresidenteibanez.cl\/web\/wp-json\/wp\/v2\/users\/2"}],"replies":[{"embeddable":true,"href":"https:\/\/www.radiopresidenteibanez.cl\/web\/wp-json\/wp\/v2\/comments?post=26406"}],"version-history":[{"count":0,"href":"https:\/\/www.radiopresidenteibanez.cl\/web\/wp-json\/wp\/v2\/posts\/26406\/revisions"}],"wp:featuredmedia":[{"embeddable":true,"href":"https:\/\/www.radiopresidenteibanez.cl\/web\/wp-json\/wp\/v2\/media\/26407"}],"wp:attachment":[{"href":"https:\/\/www.radiopresidenteibanez.cl\/web\/wp-json\/wp\/v2\/media?parent=26406"}],"wp:term":[{"taxonomy":"category","embeddable":true,"href":"https:\/\/www.radiopresidenteibanez.cl\/web\/wp-json\/wp\/v2\/categories?post=26406"},{"taxonomy":"post_tag","embeddable":true,"href":"https:\/\/www.radiopresidenteibanez.cl\/web\/wp-json\/wp\/v2\/tags?post=26406"}],"curies":[{"name":"wp","href":"https:\/\/api.w.org\/{rel}","templated":true}]}}