{"id":26403,"date":"2021-12-22T10:52:00","date_gmt":"2021-12-22T13:52:00","guid":{"rendered":"https:\/\/www.radiopresidenteibanez.cl\/web\/?p=26403"},"modified":"2021-12-22T09:55:59","modified_gmt":"2021-12-22T12:55:59","slug":"agricultores-invitan-a-la-comunidad-a-disfrutar-de-cena-saludable-en-estas-fiestas","status":"publish","type":"post","link":"https:\/\/www.radiopresidenteibanez.cl\/web\/agricultores-invitan-a-la-comunidad-a-disfrutar-de-cena-saludable-en-estas-fiestas\/","title":{"rendered":"AGRICULTORES INVITAN A LA COMUNIDAD A DISFRUTAR DE CENA SALUDABLE EN ESTAS FIESTAS"},"content":{"rendered":"\n<p>No han estado buenas las ventas, pero los agricultores conf\u00edan que durante las fiestas de fin de a\u00f1o los magall\u00e1nicos van a optar por los productos regionales. \u201cUna cena de Navidad y A\u00f1o Nuevo totalmente saludable es el mejor regalo para despedir un per\u00edodo dif\u00edcil.&nbsp;&nbsp;Tenemos hortalizas reci\u00e9n cosechadas, sin qu\u00edmicos, y con sabores que destacan, procesados con productos regionales y tejidos de lana de oveja de Magallanes.&nbsp;&nbsp;La invitaci\u00f3n es a la comunidad y a los funcionarios p\u00fablicos que siempre nos han apoyado\u201d, expres\u00f3 Patricia Delgado, Presidenta del Consejo Asesor Campesino, CAR. &nbsp;<\/p>\n\n\n\n<p>En ASOGAMA, ubicada en Avenida Bulnes con calle Manantiales, cerca de 15 agricultores usuarios de INDAP, vender\u00e1n sus productos el jueves 23 y el viernes 24 de diciembre, entre las 10 y 14 horas.&nbsp;&nbsp;\u201cHicimos un esfuerzo y arrendamos un galp\u00f3n en ASOGAMA para poder ofrecer nuestros productos, a\u00fan no tenemos un espacio definido y hemos aumentado la producci\u00f3n gracias al trabajo y acompa\u00f1amiento de INDAP\u201d, precis\u00f3 Delgado.&nbsp;<\/p>\n\n\n\n<p>A diferencia de otros a\u00f1os hoy existe mucha producci\u00f3n principalmente por el trabajo conjunto realizado entre los campesinos e INDAP. El aumento de invernaderos, maquinaria, pozos profundos ha significado un repunte en la superficie de cosecha.&nbsp;<\/p>\n\n\n\n<p>Para el director regional de INDAP, Petar Bradasic, se trata de una oportunidad imperdible para mantener una dieta sana y equilibrada.&nbsp;&nbsp;&nbsp;&nbsp;&nbsp;&nbsp;<\/p>\n\n\n\n<p>\u201cLa calidad de los productos da cuenta del trabajo, capacitaci\u00f3n e infraestructura que entrega INDAP y los distintos servicios del Ministerio de Agricultura.&nbsp;&nbsp;En los \u00faltimos los hemos crecido y eso se nota por la variedad y cantidad de productos que comercializan los agricultores de la zona\u201d, valor\u00f3 Bradasic.&nbsp;&nbsp;&nbsp;&nbsp;La actividad ser\u00e1 amenizada con el humor y la m\u00fasica de&nbsp;Chepo Sep\u00falveda.&nbsp;\n\n<\/p>\n","protected":false},"excerpt":{"rendered":"<p>No han estado buenas las ventas, pero los agricultores conf\u00edan que durante las fiestas de fin de a\u00f1o los magall\u00e1nicos van a optar por los productos regionales. \u201cUna cena de&#8230; <a class=\"read-more\" href=\"https:\/\/www.radiopresidenteibanez.cl\/web\/agricultores-invitan-a-la-comunidad-a-disfrutar-de-cena-saludable-en-estas-fiestas\/\">Leer m\u00e1s<\/a><\/p>\n","protected":false},"author":2,"featured_media":26404,"comment_status":"closed","ping_status":"closed","sticky":false,"template":"","format":"standard","meta":{"footnotes":""},"categories":[1],"tags":[],"class_list":["post-26403","post","type-post","status-publish","format-standard","has-post-thumbnail","hentry","category-cronica"],"_links":{"self":[{"href":"https:\/\/www.radiopresidenteibanez.cl\/web\/wp-json\/wp\/v2\/posts\/26403","targetHints":{"allow":["GET"]}}],"collection":[{"href":"https:\/\/www.radiopresidenteibanez.cl\/web\/wp-json\/wp\/v2\/posts"}],"about":[{"href":"https:\/\/www.radiopresidenteibanez.cl\/web\/wp-json\/wp\/v2\/types\/post"}],"author":[{"embeddable":true,"href":"https:\/\/www.radiopresidenteibanez.cl\/web\/wp-json\/wp\/v2\/users\/2"}],"replies":[{"embeddable":true,"href":"https:\/\/www.radiopresidenteibanez.cl\/web\/wp-json\/wp\/v2\/comments?post=26403"}],"version-history":[{"count":0,"href":"https:\/\/www.radiopresidenteibanez.cl\/web\/wp-json\/wp\/v2\/posts\/26403\/revisions"}],"wp:featuredmedia":[{"embeddable":true,"href":"https:\/\/www.radiopresidenteibanez.cl\/web\/wp-json\/wp\/v2\/media\/26404"}],"wp:attachment":[{"href":"https:\/\/www.radiopresidenteibanez.cl\/web\/wp-json\/wp\/v2\/media?parent=26403"}],"wp:term":[{"taxonomy":"category","embeddable":true,"href":"https:\/\/www.radiopresidenteibanez.cl\/web\/wp-json\/wp\/v2\/categories?post=26403"},{"taxonomy":"post_tag","embeddable":true,"href":"https:\/\/www.radiopresidenteibanez.cl\/web\/wp-json\/wp\/v2\/tags?post=26403"}],"curies":[{"name":"wp","href":"https:\/\/api.w.org\/{rel}","templated":true}]}}