{"id":26394,"date":"2021-12-22T08:40:16","date_gmt":"2021-12-22T11:40:16","guid":{"rendered":"https:\/\/www.radiopresidenteibanez.cl\/web\/?p=26394"},"modified":"2021-12-22T08:40:21","modified_gmt":"2021-12-22T11:40:21","slug":"obispo-bernardo-bastres-renuncio-al-gobierno-pastoral-de-la-diocesis","status":"publish","type":"post","link":"https:\/\/www.radiopresidenteibanez.cl\/web\/obispo-bernardo-bastres-renuncio-al-gobierno-pastoral-de-la-diocesis\/","title":{"rendered":"OBISPO BERNARDO BASTRES RENUNCIO AL GOBIERNO PASTORAL DE LA DIOCESIS"},"content":{"rendered":"\n<p> Queridos hermanos y hermanas en el Se\u00f1or. En el d\u00eda de hoy, 22 de Diciembre, el Papa Francisco ha aceptado  mi renuncia como Obispo de esta Iglesia que peregrina en Magallanes,  bajo la modalidad de \u201cNunc pro tunc\u201d, que en palabras simples significa  que mientras llega el nuevo Obispo, sigo al frente de la Di\u00f3cesis, por ello  agradezco la confianza que me ha brindado el Santo Padre. Hace tiempo, ven\u00eda reflexionando, evaluando y rezando ante Dios,  mi desempe\u00f1o como Pastor de esta querida Di\u00f3cesis, y con la confianza  de un hijo, le presente al Santo Padre, la renuncia al gobierno pastoral  de la Di\u00f3cesis, por razones estrictamente personales. Por esto, mi  gratitud al Papa, por su comprensi\u00f3n y acogida. Entre las razones que puedo compartir con Ustedes, se encuentran  todos los acontecimientos que nos ha tocado vivir en estos a\u00f1os y como  ellos no s\u00f3lo han golpeado a nuestra Iglesia, sino tambi\u00e9n me han  afectado personalmente. Me he visto sobrepasado y limitado para  responder como merecen ser enfrentados y asumidos. Tengo un coraz\u00f3n agradecido por todo el bien que hemos  construido, por el cari\u00f1o entra\u00f1able que muchos me han manifestado,  por la fidelidad al Evangelio que he encontrado en tantos de Ustedes, la  generosidad sin l\u00edmites de hermanos nuestros, que van tejiendo el bien  en el silencio de cada d\u00eda, el testimonio de fe que tantos manifiestan en  sus familias, barrios y lugares de trabajo, a pesar de todas las dificultades  que hemos tenido que enfrentar como comunidad cristiana.  S\u00f3lo nace de mi coraz\u00f3n una gran acci\u00f3n de Gracias a Dios y a  todos Ustedes. Los caminos por los cuales me ha llevado el Se\u00f1or, nunca  los pude imaginar, mi sue\u00f1o fue siempre ser un sacerdote que deseaba  vivir su ministerio entre los j\u00f3venes y la gente sencilla. Sin embargo el  Se\u00f1or, me ha llevado por senderos inescrutables, entre estos el haber  estado entre ustedes como Obispo. Delante de Dios, debo pedirles perd\u00f3n por las limitaciones que no  me han permitido ser aquel Pastor que merec\u00eda esta Iglesia Magall\u00e1nica.  Con plena libertad puedo hacerles una confesi\u00f3n: delante del Se\u00f1or tengo  mi conciencia muy tranquila y me siento muy liberado con la respuesta  que me ha dado el Papa Francisco. Me siento con una profunda  serenidad, paz y libertad interior. En estos d\u00edas he meditado la par\u00e1bola de la actitud que tiene que  tener un buen servidor en el evangelio de Lucas, donde Jes\u00fas sentencia:  \u201cAs\u00ed tambi\u00e9n ustedes, cuando hayan hecho todo lo que les ha sido  ordenado, digan: \u201csiervos in\u00fatiles somos, pues lo que deb\u00edamos hacer, lo  hicimos\u201d (17,10) Deseo nuevamente agradecerles a todos Ustedes, laicos, religiosas,  consagrados, di\u00e1conos permanentes con sus esposas, a mis hermanos  los sacerdotes, con los cuales he tratado de trabajar, en equipo, para  llevar adelante la tarea de hacer presente el Reino de Dios en Magallanes.  Todos estamos invitados a seguir Jesucristo el Se\u00f1or, es \u00c9l, quien  conduce nuestra Iglesia.  En este tiempo los invito a intensificar nuestra oraci\u00f3n, para que el  Se\u00f1or nos env\u00ede un nuevo Pastor que tenga la santidad y sabidur\u00eda para  que pueda guiarnos por los caminos del Evangelio con los desaf\u00edos que la  vida y esta hora de la historia nos presentan. Mientras tanto, nosotros  nos esforzaremos por vivir nuestra fe con alegr\u00eda, con esperanza y sobre  todo con el testimonio al que nos invita el Buen Pastor. La vida que existe  en nuestras comunidades y movimientos sea nuestra mayor riqueza que  entreguemos a las pr\u00f3ximas generaciones. En este tiempo que me queda, seguir\u00e9 trabajando y dando lo mejor  de m\u00ed para que juntos sigamos consolidando el Reino de Dios en  Magallanes.  Mar\u00eda, nuestra Madre Auxiliadora, nos regale su amparo y  protecci\u00f3n, reciban con afecto mi bendici\u00f3n de Padre y Pastor     + Bernardo Bastres Florence sdb Padre Obispo de Magallanes <\/p>\n","protected":false},"excerpt":{"rendered":"<p>Queridos hermanos y hermanas en el Se\u00f1or. En el d\u00eda de hoy, 22 de Diciembre, el Papa Francisco ha aceptado mi renuncia como Obispo de esta Iglesia que peregrina en&#8230; <a class=\"read-more\" href=\"https:\/\/www.radiopresidenteibanez.cl\/web\/obispo-bernardo-bastres-renuncio-al-gobierno-pastoral-de-la-diocesis\/\">Leer m\u00e1s<\/a><\/p>\n","protected":false},"author":2,"featured_media":26395,"comment_status":"closed","ping_status":"closed","sticky":false,"template":"","format":"standard","meta":{"footnotes":""},"categories":[1],"tags":[],"class_list":["post-26394","post","type-post","status-publish","format-standard","has-post-thumbnail","hentry","category-cronica"],"_links":{"self":[{"href":"https:\/\/www.radiopresidenteibanez.cl\/web\/wp-json\/wp\/v2\/posts\/26394","targetHints":{"allow":["GET"]}}],"collection":[{"href":"https:\/\/www.radiopresidenteibanez.cl\/web\/wp-json\/wp\/v2\/posts"}],"about":[{"href":"https:\/\/www.radiopresidenteibanez.cl\/web\/wp-json\/wp\/v2\/types\/post"}],"author":[{"embeddable":true,"href":"https:\/\/www.radiopresidenteibanez.cl\/web\/wp-json\/wp\/v2\/users\/2"}],"replies":[{"embeddable":true,"href":"https:\/\/www.radiopresidenteibanez.cl\/web\/wp-json\/wp\/v2\/comments?post=26394"}],"version-history":[{"count":0,"href":"https:\/\/www.radiopresidenteibanez.cl\/web\/wp-json\/wp\/v2\/posts\/26394\/revisions"}],"wp:featuredmedia":[{"embeddable":true,"href":"https:\/\/www.radiopresidenteibanez.cl\/web\/wp-json\/wp\/v2\/media\/26395"}],"wp:attachment":[{"href":"https:\/\/www.radiopresidenteibanez.cl\/web\/wp-json\/wp\/v2\/media?parent=26394"}],"wp:term":[{"taxonomy":"category","embeddable":true,"href":"https:\/\/www.radiopresidenteibanez.cl\/web\/wp-json\/wp\/v2\/categories?post=26394"},{"taxonomy":"post_tag","embeddable":true,"href":"https:\/\/www.radiopresidenteibanez.cl\/web\/wp-json\/wp\/v2\/tags?post=26394"}],"curies":[{"name":"wp","href":"https:\/\/api.w.org\/{rel}","templated":true}]}}