{"id":26390,"date":"2021-12-22T08:25:05","date_gmt":"2021-12-22T11:25:05","guid":{"rendered":"https:\/\/www.radiopresidenteibanez.cl\/web\/?p=26390"},"modified":"2021-12-22T08:26:52","modified_gmt":"2021-12-22T11:26:52","slug":"proyecto-de-diputada-amar-que-busca-que-personas-con-discapacidad-no-tengan-limite-de-edad-en-educacion-especial-sera-discutido-ensala-de-la-camara","status":"publish","type":"post","link":"https:\/\/www.radiopresidenteibanez.cl\/web\/proyecto-de-diputada-amar-que-busca-que-personas-con-discapacidad-no-tengan-limite-de-edad-en-educacion-especial-sera-discutido-ensala-de-la-camara\/","title":{"rendered":"PROYECTO DE DIPUTADA AMAR QUE BUSCA QUE PERSONAS CON DISCAPACIDAD NO TENGAN LIMITE DE EDAD EN EDUCACION ESPECIAL SERA DISCUTIDO EN SALA DE LA CAMARA"},"content":{"rendered":"\n<p>Tras ser presentado y aprobado por\nla Comisi\u00f3n de Personas Mayores y Discapacidad, el proyecto de ley de autor\u00eda\nde la Diputada Sandra Amar, que establece normas sobre inclusi\u00f3n e igualdad de\noportunidades de personas con discapacidad, y proh\u00edbe las limitaciones etarias\nen el acceso a la educaci\u00f3n especial,&nbsp;\nfinalmente avanza a primer tr\u00e1mite y ser\u00e1 discutido en sala de la C\u00e1mara\nde Diputados y Diputadas. <\/p>\n\n\n\n<p>Esta iniciativa, tiene como objetivo\nque no exista l\u00edmite de edad en el acceso a la educaci\u00f3n especial para personas\ncon discapacidad, lo cual actualmente son los 24 a\u00f1os y en algunos casos 26.<\/p>\n\n\n\n<p>Al\nrespecto,\nla Diputada Sandra Amar coment\u00f3 que \u201cestoy muy contenta que la Comisi\u00f3n haya\naprobado mi proyecto porque es de vital importancia que continuemos apoyando a\nlas personas con discapacidad y su entorno, luego que cumplan 26 a\u00f1os para que\nas\u00ed, puedan continuar cursando educaci\u00f3n especial. Tras haber conversado con\ndistintas organizaciones de personas con discapacidad, me plantearon que esta\nes una gran problem\u00e1tica porque genera enormes trabas a su proceso de inclusi\u00f3n\ny es tarea nuestra como sociedad y en mi caso como parlamentaria, que le demos\nuna tranquilidad a esas familias con sus hijos o hijas\u201d.<\/p>\n\n\n\n<p>A eso agreg\u00f3 que, \u201cactualmente lo\nque establece la ley es un l\u00edmite de edad para poder recibir educaci\u00f3n\nespecial, posterior a ello, muchos deben volver a estar en sus casas, donde no\nreciben una atenci\u00f3n especializada, donde a veces los padres no cuentan con los\nmedios para brindarle tambi\u00e9n una atenci\u00f3n m\u00e1s integral y que puedan seguir\nasistiendo a alg\u00fan tipo de actividad. Por eso, es muy importante esta\niniciativa que da acompa\u00f1amiento a las personas con discapacidad y sus\nfamilias\u201d.<\/p>\n\n\n\n<p>Se\u00f1alar que, ahora que este proyecto\ntras ser aprobado en general y particular por la Comisi\u00f3n de Personas Mayores y\nDiscapacidad pasa a primer tr\u00e1mite y ser\u00e1 discutido en sala de la C\u00e1mara de\nDiputados y Diputadas. \u201cEspero tener el apoyo de todos los y las parlamentarias\nen este proyecto porque es esencial para que las personas con discapacidad\ndispongan de una educaci\u00f3n digna, de calidad, con las mismas oportunidades y\nsin restricciones\u201d finaliz\u00f3 la parlamentaria por Magallanes.<\/p>\n","protected":false},"excerpt":{"rendered":"<p>Tras ser presentado y aprobado por la Comisi\u00f3n de Personas Mayores y Discapacidad, el proyecto de ley de autor\u00eda de la Diputada Sandra Amar, que establece normas sobre inclusi\u00f3n e&#8230; <a class=\"read-more\" href=\"https:\/\/www.radiopresidenteibanez.cl\/web\/proyecto-de-diputada-amar-que-busca-que-personas-con-discapacidad-no-tengan-limite-de-edad-en-educacion-especial-sera-discutido-ensala-de-la-camara\/\">Leer m\u00e1s<\/a><\/p>\n","protected":false},"author":2,"featured_media":26391,"comment_status":"closed","ping_status":"closed","sticky":false,"template":"","format":"standard","meta":{"footnotes":""},"categories":[1],"tags":[],"class_list":["post-26390","post","type-post","status-publish","format-standard","has-post-thumbnail","hentry","category-cronica"],"_links":{"self":[{"href":"https:\/\/www.radiopresidenteibanez.cl\/web\/wp-json\/wp\/v2\/posts\/26390","targetHints":{"allow":["GET"]}}],"collection":[{"href":"https:\/\/www.radiopresidenteibanez.cl\/web\/wp-json\/wp\/v2\/posts"}],"about":[{"href":"https:\/\/www.radiopresidenteibanez.cl\/web\/wp-json\/wp\/v2\/types\/post"}],"author":[{"embeddable":true,"href":"https:\/\/www.radiopresidenteibanez.cl\/web\/wp-json\/wp\/v2\/users\/2"}],"replies":[{"embeddable":true,"href":"https:\/\/www.radiopresidenteibanez.cl\/web\/wp-json\/wp\/v2\/comments?post=26390"}],"version-history":[{"count":0,"href":"https:\/\/www.radiopresidenteibanez.cl\/web\/wp-json\/wp\/v2\/posts\/26390\/revisions"}],"wp:featuredmedia":[{"embeddable":true,"href":"https:\/\/www.radiopresidenteibanez.cl\/web\/wp-json\/wp\/v2\/media\/26391"}],"wp:attachment":[{"href":"https:\/\/www.radiopresidenteibanez.cl\/web\/wp-json\/wp\/v2\/media?parent=26390"}],"wp:term":[{"taxonomy":"category","embeddable":true,"href":"https:\/\/www.radiopresidenteibanez.cl\/web\/wp-json\/wp\/v2\/categories?post=26390"},{"taxonomy":"post_tag","embeddable":true,"href":"https:\/\/www.radiopresidenteibanez.cl\/web\/wp-json\/wp\/v2\/tags?post=26390"}],"curies":[{"name":"wp","href":"https:\/\/api.w.org\/{rel}","templated":true}]}}