{"id":26387,"date":"2021-12-21T18:49:00","date_gmt":"2021-12-21T21:49:00","guid":{"rendered":"https:\/\/www.radiopresidenteibanez.cl\/web\/?p=26387"},"modified":"2021-12-21T17:05:33","modified_gmt":"2021-12-21T20:05:33","slug":"comite-ambiental-aprobo-dos-proyectos-que-se-realizaran-en-antartica","status":"publish","type":"post","link":"https:\/\/www.radiopresidenteibanez.cl\/web\/comite-ambiental-aprobo-dos-proyectos-que-se-realizaran-en-antartica\/","title":{"rendered":"COMITE AMBIENTAL APROBO DOS PROYECTOS QUE SE REALIZARAN EN ANTARTICA"},"content":{"rendered":"\n<p>Este lunes, se realiz\u00f3 la reuni\u00f3n del Comit\u00e9\nOperativo para la Evaluaci\u00f3n del Impacto Ambiental sobre el Medio Ambiente\nAnt\u00e1rtico, la que fue presidida por el Ministro del Medio Ambiente, Javier\nNaranjo y donde participaron, el Director de Ant\u00e1rtica de MINREL, el Director\nde INACH, Seremi de Medio Ambiente y operadores ant\u00e1rticos como FACH, Ej\u00e9rcito\ny Armada.<\/p>\n\n\n\n<p>En la sesi\u00f3n, se revisaron dos proyectos\nsometidos a evaluaci\u00f3n ambiental: \u201cDesaf\u00edo a nado: la \u00faltima frontera\u201d de la\ndeportista B\u00e1rbara Hern\u00e1ndez, cuyo objetivo es nadar en el oc\u00e9ano ant\u00e1rtico por\nuna distancia de 2,5 km con un tiempo de permanencia en el agua de 50 minutos y,\nla grabaci\u00f3n del largometraje \u201cAnt\u00e1rtica\u201d del cineasta Sebasti\u00e1n Araya, quien\nrealizar\u00e1 un registro audiovisual de paisajes y oc\u00e9ano ant\u00e1rtico.<\/p>\n\n\n\n<p>\u201cChile, como\nparte firmante del Tratado Ant\u00e1rtico y a la vez adherido al Protocolo al\nTratado Ant\u00e1rtico sobre Protecci\u00f3n del Medio Ambiente -tambi\u00e9n conocido como Protocolo\nde Madrid- ha establecido y se ha comprometido a evaluar ambientalmente los\nimpactos que generar\u00e1n las actividades y\/o proyectos en el ecosistema Ant\u00e1rtico\ny en sus ecosistemas dependientes o asociados. En este sentido, el Ministerio\ndel Medio Ambiente a trav\u00e9s de la secretar\u00eda regional es el encargado de\ncoordinar estas evaluaciones\u201d, explic\u00f3 Carlos Olave, Seremi del Medio Ambiente.<\/p>\n\n\n\n<p>Ambas\niniciativas fueron aprobadas por unanimidad y estaban dentro de la categor\u00eda\nEvaluaci\u00f3n Ambiental Preliminar, ya que representan bajo nivel de impacto y no\nse considera un peligro en el ecosistema ant\u00e1rtico o sus ecosistemas\ndependientes o asociados.&nbsp; <\/p>\n\n\n\n<p>As\u00ed mismo, en\nmarzo de este a\u00f1o entr\u00f3 en vigencia el Estatuto Chileno Ant\u00e1rtico o Ley 21.255,\nque fue pensada como una ley marco que sistematiza, armoniza y moderniza la\nabundante regulaci\u00f3n sobre la materia. En este sentido, una de las primeras\ntareas fue avanzar en el reglamento para el funcionamiento del Comit\u00e9 Operativo, el que fue\npresentado en la sesi\u00f3n. <\/p>\n\n\n\n<p>Al respecto, el Seremi Carlos Olave detall\u00f3\nque \u201cla elaboraci\u00f3n de este reglamento es un proceso muy relevante, debido a\nnuestra cercan\u00eda con la Ant\u00e1rtica y la importancia para nuestro territorio. El\nreglamento fue construido por un equipo interinstitucional del Ministerio del\nMedio Ambiente, Ministerio de Relaciones Exteriores e Instituto Ant\u00e1rtico\nChileno. Se realizaron 19 reuniones y se regularon aspectos generales y\nespec\u00edficos, como causales de inadmisibilidad de las propuestas, rol del\nSecretario, abstenci\u00f3n de integrantes, entre otras\u201d.<\/p>\n\n\n\n<p>Finalmente, hay\nque destacar que la operatividad de este Reglamento se relaciona estrechamente\ncon lo que se disponga en los restantes reglamentos derivados de la nueva ley\nAnt\u00e1rtica.<\/p>\n","protected":false},"excerpt":{"rendered":"<p>Este lunes, se realiz\u00f3 la reuni\u00f3n del Comit\u00e9 Operativo para la Evaluaci\u00f3n del Impacto Ambiental sobre el Medio Ambiente Ant\u00e1rtico, la que fue presidida por el Ministro del Medio Ambiente,&#8230; <a class=\"read-more\" href=\"https:\/\/www.radiopresidenteibanez.cl\/web\/comite-ambiental-aprobo-dos-proyectos-que-se-realizaran-en-antartica\/\">Leer m\u00e1s<\/a><\/p>\n","protected":false},"author":2,"featured_media":26388,"comment_status":"closed","ping_status":"closed","sticky":false,"template":"","format":"standard","meta":{"footnotes":""},"categories":[1],"tags":[],"class_list":["post-26387","post","type-post","status-publish","format-standard","has-post-thumbnail","hentry","category-cronica"],"_links":{"self":[{"href":"https:\/\/www.radiopresidenteibanez.cl\/web\/wp-json\/wp\/v2\/posts\/26387","targetHints":{"allow":["GET"]}}],"collection":[{"href":"https:\/\/www.radiopresidenteibanez.cl\/web\/wp-json\/wp\/v2\/posts"}],"about":[{"href":"https:\/\/www.radiopresidenteibanez.cl\/web\/wp-json\/wp\/v2\/types\/post"}],"author":[{"embeddable":true,"href":"https:\/\/www.radiopresidenteibanez.cl\/web\/wp-json\/wp\/v2\/users\/2"}],"replies":[{"embeddable":true,"href":"https:\/\/www.radiopresidenteibanez.cl\/web\/wp-json\/wp\/v2\/comments?post=26387"}],"version-history":[{"count":0,"href":"https:\/\/www.radiopresidenteibanez.cl\/web\/wp-json\/wp\/v2\/posts\/26387\/revisions"}],"wp:featuredmedia":[{"embeddable":true,"href":"https:\/\/www.radiopresidenteibanez.cl\/web\/wp-json\/wp\/v2\/media\/26388"}],"wp:attachment":[{"href":"https:\/\/www.radiopresidenteibanez.cl\/web\/wp-json\/wp\/v2\/media?parent=26387"}],"wp:term":[{"taxonomy":"category","embeddable":true,"href":"https:\/\/www.radiopresidenteibanez.cl\/web\/wp-json\/wp\/v2\/categories?post=26387"},{"taxonomy":"post_tag","embeddable":true,"href":"https:\/\/www.radiopresidenteibanez.cl\/web\/wp-json\/wp\/v2\/tags?post=26387"}],"curies":[{"name":"wp","href":"https:\/\/api.w.org\/{rel}","templated":true}]}}