{"id":26378,"date":"2021-12-21T15:29:00","date_gmt":"2021-12-21T18:29:00","guid":{"rendered":"https:\/\/www.radiopresidenteibanez.cl\/web\/?p=26378"},"modified":"2021-12-21T12:51:56","modified_gmt":"2021-12-21T15:51:56","slug":"seremi-de-cultura-encabezo-sesion-de-mesa-regional-de-trafico-ilicito-de-bienes-patrimoniales","status":"publish","type":"post","link":"https:\/\/www.radiopresidenteibanez.cl\/web\/seremi-de-cultura-encabezo-sesion-de-mesa-regional-de-trafico-ilicito-de-bienes-patrimoniales\/","title":{"rendered":"SEREMI DE CULTURA ENCABEZO SESION DE MESA REGIONAL DE TRAFICO ILICITO DE BIENES PATRIMONIALES"},"content":{"rendered":"\n<p>\n\nCon presencia de representantes de diversas instituciones y&nbsp;encabezada por la seremi de las Culturas, las Artes y el Patrimonio, Katherine Ibacache, se realiz\u00f3 la tercera&nbsp;sesi\u00f3n del a\u00f1o&nbsp;de la Mesa Regional de Tr\u00e1fico Il\u00edcito de Bienes Patrimoniales.&nbsp;El encuentro estuvo a cargo de profesionales de la Oficina T\u00e9cnica Regional del Consejo de Monumentos Nacionales y del Museo Regional de Magallanes, ambos pertenecientes al Servicio Nacional del Patrimonio (Serpat) y cont\u00f3 con la participaci\u00f3n de representantes del&nbsp;Instituto Ant\u00e1rtico Chileno, PDI y&nbsp;Seremi de Bienes Nacionales, as\u00ed como profesionales del Consejo de Monumentos Nacionales de otras regiones del pa\u00eds.&nbsp;Al iniciar el encuentro, la seremi de las Culturas, las Artes y el Patrimonio, Katherine Ibacache, expres\u00f3 que \u201cen una regi\u00f3n tan extensa como la nuestra tenemos la fortuna de contar con numerosos vestigios patrimoniales. Por ello, nos corresponde educar, tanto a sus habitantes como a sus visitantes, respecto de su cuidado\u201d. Por su parte,&nbsp;el director regional del Serpat, Pablo Quercia, agradeci\u00f3&nbsp;que la concurrencia de los participantes as\u00ed como a los profesionales a cargo de las presentaciones.&nbsp;La encargada de la Oficina T\u00e9cnica Regional del Consejo de Monumentos Nacionales del Serpat, Javiera Gaona, inform\u00f3 las actividades realizadas desde la \u00faltima sesi\u00f3n. Entre ellas, la exposici\u00f3n regional en la sesi\u00f3n de la Mesa Nacional de Tr\u00e1fico Il\u00edcito de Bienes Patrimoniales, en julio pasado; instalaci\u00f3n de afiches informativos en unidades del Sistema Nacional de \u00c1reas Silvestres Protegidas del Estado, pasos fronterizos, rampas de conectividad y aeropuertos; env\u00edo de material (f\u00edsico y digital) elaborado por la&nbsp;Mesa Nacional de Tr\u00e1fico Il\u00edcito de Bienes Patrimoniales; dise\u00f1o de afiche que ser\u00e1 instalado en el Punto de Pr\u00e9stamo de la Biblioteca P\u00fablica Digital que se inaugurar\u00e1 pr\u00f3ximamente en el aeropuerto de Punta Arenas; participaci\u00f3n en Taller de Capacitaci\u00f3n de Salida de Obras de Arte; Presentaci\u00f3n en la Semana de la Paleontolog\u00eda de Ays\u00e9n; Capacitaci\u00f3n de la&nbsp;Mesa Nacional de Tr\u00e1fico Il\u00edcito de Bienes Patrimoniales al equipo del Serpat, y Presentaci\u00f3n en el Encuentro Binacional de Museos Patagonia Sur-Sur.&nbsp;Posteriormente, la directora del Museo Regional de Magallanes,&nbsp;Paola Grendi, destac\u00f3 que se encuentra operando la Red de Expertos y expres\u00f3 la necesidad de efectuar acciones coordinadas en la medida que se vayan habilitando los pasos fronterizos terrestres de la regi\u00f3n.&nbsp;&nbsp;Tras dar conocer los objetivos propuestos para la gesti\u00f3n 2021-2022, tanto en el \u00e1mbito de educaci\u00f3n, capacitaci\u00f3n y difusi\u00f3n, como en el t\u00e9cnico operativo, se&nbsp;respondi\u00f3 las inquietudes y comentarios de los participantes. Finalmente, la seremi&nbsp;de las Culturas, las Artes y el Patrimonio, Katherine Ibacache, anticip\u00f3 que la pr\u00f3xima sesi\u00f3n de la Mesa&nbsp;Regional de Tr\u00e1fico Il\u00edcito de Bienes Culturales se realizar\u00e1 en marzo pr\u00f3ximo.&nbsp;&nbsp;\n\n<\/p>\n","protected":false},"excerpt":{"rendered":"<p>Con presencia de representantes de diversas instituciones y&nbsp;encabezada por la seremi de las Culturas, las Artes y el Patrimonio, Katherine Ibacache, se realiz\u00f3 la tercera&nbsp;sesi\u00f3n del a\u00f1o&nbsp;de la Mesa Regional&#8230; <a class=\"read-more\" href=\"https:\/\/www.radiopresidenteibanez.cl\/web\/seremi-de-cultura-encabezo-sesion-de-mesa-regional-de-trafico-ilicito-de-bienes-patrimoniales\/\">Leer m\u00e1s<\/a><\/p>\n","protected":false},"author":2,"featured_media":26379,"comment_status":"closed","ping_status":"closed","sticky":false,"template":"","format":"standard","meta":{"footnotes":""},"categories":[1],"tags":[],"class_list":["post-26378","post","type-post","status-publish","format-standard","has-post-thumbnail","hentry","category-cronica"],"_links":{"self":[{"href":"https:\/\/www.radiopresidenteibanez.cl\/web\/wp-json\/wp\/v2\/posts\/26378","targetHints":{"allow":["GET"]}}],"collection":[{"href":"https:\/\/www.radiopresidenteibanez.cl\/web\/wp-json\/wp\/v2\/posts"}],"about":[{"href":"https:\/\/www.radiopresidenteibanez.cl\/web\/wp-json\/wp\/v2\/types\/post"}],"author":[{"embeddable":true,"href":"https:\/\/www.radiopresidenteibanez.cl\/web\/wp-json\/wp\/v2\/users\/2"}],"replies":[{"embeddable":true,"href":"https:\/\/www.radiopresidenteibanez.cl\/web\/wp-json\/wp\/v2\/comments?post=26378"}],"version-history":[{"count":0,"href":"https:\/\/www.radiopresidenteibanez.cl\/web\/wp-json\/wp\/v2\/posts\/26378\/revisions"}],"wp:featuredmedia":[{"embeddable":true,"href":"https:\/\/www.radiopresidenteibanez.cl\/web\/wp-json\/wp\/v2\/media\/26379"}],"wp:attachment":[{"href":"https:\/\/www.radiopresidenteibanez.cl\/web\/wp-json\/wp\/v2\/media?parent=26378"}],"wp:term":[{"taxonomy":"category","embeddable":true,"href":"https:\/\/www.radiopresidenteibanez.cl\/web\/wp-json\/wp\/v2\/categories?post=26378"},{"taxonomy":"post_tag","embeddable":true,"href":"https:\/\/www.radiopresidenteibanez.cl\/web\/wp-json\/wp\/v2\/tags?post=26378"}],"curies":[{"name":"wp","href":"https:\/\/api.w.org\/{rel}","templated":true}]}}