{"id":26354,"date":"2021-12-20T18:31:00","date_gmt":"2021-12-20T21:31:00","guid":{"rendered":"https:\/\/www.radiopresidenteibanez.cl\/web\/?p=26354"},"modified":"2021-12-20T17:22:49","modified_gmt":"2021-12-20T20:22:49","slug":"cicype-umag-2021-expuso-diversidad-y-alto-nivel-de-trabajos-de-investigacion-liderados-por-estudiantes","status":"publish","type":"post","link":"https:\/\/www.radiopresidenteibanez.cl\/web\/cicype-umag-2021-expuso-diversidad-y-alto-nivel-de-trabajos-de-investigacion-liderados-por-estudiantes\/","title":{"rendered":"CICYPE UMAG 2021 EXPUSO DIVERSIDAD Y ALTO NIVEL DE TRABAJOS DE INVESTIGACION LIDERADOS POR ESTUDIANTES"},"content":{"rendered":"\n<p>Los d\u00edas 16 y 17 de diciembre se llev\u00f3 a cabo, de&nbsp; manera exitosa, la versi\u00f3n n\u00famero trece del&nbsp;<strong>Congreso de Iniciaci\u00f3n Cient\u00edfica y Profesional de Estudiantes (CICYPE) de la Universidad de Magallanes<\/strong>&nbsp;(UMAG), iniciativa acad\u00e9mica que tiene por objeto divulgar la investigaci\u00f3n estudiantil que se realiza en la casa de estudios y vincular, as\u00ed, este quehacer, desde el pregrado al postgrado, promoviendo el trabajo conjunto entre los\/as investigadores\/as y el alumnado en materia cient\u00edfica.<\/p>\n\n\n\n<p>La actividad se desarroll\u00f3 por primera vez en modalidad telem\u00e1tica y reuni\u00f3 a cerca de una veintena de proyectos de investigaci\u00f3n, trabajos de titulaci\u00f3n y\/o tesis lideradas por estudiantes de pre y postgrado del plantel, quienes presentaron y compartieron sus iniciativas con un jurado compuesto por acad\u00e9micos y acad\u00e9micas de las \u00e1reas participantes: ciencias, ingenier\u00eda, ciencias de la salud, educaci\u00f3n y ciencias sociales, ciencias econ\u00f3micas y jur\u00eddicas, y postgrado.<\/p>\n\n\n\n<p>El vicerrector de Investigaci\u00f3n y Postgrados, Dr. Andr\u00e9s Mansilla, resalt\u00f3 que desde sus or\u00edgenes, en el a\u00f1o 2002, el CICYPE ha buscado visibilizar el trabajo de investigaci\u00f3n que hacen los estudiantes junto a sus profesores, ya que, a su juicio, \u201cgeneralmente ese proyecto o queda guardado o no se publica, lo que hace que no se reconozca el rol o la participaci\u00f3n de los estudiantes en ciencia, que es una cosa que ellos tambi\u00e9n en alg\u00fan momento van a necesitar para su curriculum o bien para postular a becas y seguir estudios\u201d. De esta forma, felicit\u00f3 la calidad y pertinencia de los trabajos destacando que \u201cla fuerza de la investigaci\u00f3n proviene de los j\u00f3venes\u201d.<\/p>\n\n\n\n<p><strong>Iniciativas premiadas 2021<\/strong><\/p>\n\n\n\n<p>De las \u00e1reas antes mencionadas se presentaron proyectos en diversas tem\u00e1ticas (ver programa), abarcando materias de estudio como el turismo, los hongos, la pandemia por COVID-19, prototipos con tecnolog\u00eda 3D, apego parental, c\u00e1ncer g\u00e1strico, entre otras, las cuales fueron presentadas en detalle por las y los estudiantes, con un espacio de interacci\u00f3n con el jurado a modo de resolver dudas y hacer comentarios.<\/p>\n\n\n\n<p>Al finalizar, todas ellas fueron destacadas por las y los evaluadores, cuya visi\u00f3n transversal fue la alta calidad de los proyectos y la aplicabilidad que los caracteriza. Por ejemplo, el acad\u00e9mico de la Escuela de Medicina, Dr. Cristi\u00e1n Nu\u00f1ez, expres\u00f3 que \u201ccada vez se pone m\u00e1s dif\u00edcil; y es tan parejo el nivel, que cuesta mucho evaluarlos, pero m\u00e1s all\u00e1 de eso, es un agrado como docente y cient\u00edfico ver a gente joven vincul\u00e1ndose con la investigaci\u00f3n. La verdad es muy motivador y muy bueno para la regi\u00f3n, lo que se agradece\u201d.<\/p>\n\n\n\n<p>Lo \u00faltimo, en tanto, fue la premiaci\u00f3n de los mejores trabajos, los que recayeron en los\/as estudiantes: Daniel Oliva, en Ciencias, por su trabajo&nbsp;<em>\u201cUtilizaci\u00f3n de hongos micorr\u00edcicos arbusculares para el desarrollo sostenible de praderas en Magallanes\u201d<\/em>; Mat\u00edas Riquelme, en Ciencias de la Salud, por su proyecto&nbsp;<em>\u201cPrototipo de pr\u00f3tesis de mano 3D controlada por sensores musculares\u201d<\/em>; Julie Santin, en Ciencias Econ\u00f3micas y Jur\u00eddicas, por su iniciativa&nbsp;<em>\u201cEfecto del sector turismo en el crecimiento econ\u00f3mico de la regi\u00f3n de Magallanes\u201d<\/em>; Basti\u00e1n Troncoso, en Ingenier\u00eda, por su trabajo&nbsp;<em>\u201cImplementaci\u00f3n de un exoesqueleto para rehabilitaci\u00f3n neuromuscular de mano\u201d<\/em>; Francisca Schenone, en Educaci\u00f3n y Ciencias Sociales, por su proyecto&nbsp;<em>\u201cApego con pap\u00e1 y mam\u00e1 y su relaci\u00f3n con el bienestar psicol\u00f3gico y fisiol\u00f3gico\u201d<\/em>&nbsp;y; Daniela Zapata, en Postgrado, por su iniciativa&nbsp;<em>\u201cEvaluaci\u00f3n del rol de los micrornas sobre la susceptibilidad y fisiopatolog\u00eda del c\u00e1ncer g\u00e1strico\u201d<\/em>.<\/p>\n","protected":false},"excerpt":{"rendered":"<p>Los d\u00edas 16 y 17 de diciembre se llev\u00f3 a cabo, de&nbsp; manera exitosa, la versi\u00f3n n\u00famero trece del&nbsp;Congreso de Iniciaci\u00f3n Cient\u00edfica y Profesional de Estudiantes (CICYPE) de la Universidad&#8230; <a class=\"read-more\" href=\"https:\/\/www.radiopresidenteibanez.cl\/web\/cicype-umag-2021-expuso-diversidad-y-alto-nivel-de-trabajos-de-investigacion-liderados-por-estudiantes\/\">Leer m\u00e1s<\/a><\/p>\n","protected":false},"author":2,"featured_media":26355,"comment_status":"closed","ping_status":"closed","sticky":false,"template":"","format":"standard","meta":{"footnotes":""},"categories":[1],"tags":[],"class_list":["post-26354","post","type-post","status-publish","format-standard","has-post-thumbnail","hentry","category-cronica"],"_links":{"self":[{"href":"https:\/\/www.radiopresidenteibanez.cl\/web\/wp-json\/wp\/v2\/posts\/26354","targetHints":{"allow":["GET"]}}],"collection":[{"href":"https:\/\/www.radiopresidenteibanez.cl\/web\/wp-json\/wp\/v2\/posts"}],"about":[{"href":"https:\/\/www.radiopresidenteibanez.cl\/web\/wp-json\/wp\/v2\/types\/post"}],"author":[{"embeddable":true,"href":"https:\/\/www.radiopresidenteibanez.cl\/web\/wp-json\/wp\/v2\/users\/2"}],"replies":[{"embeddable":true,"href":"https:\/\/www.radiopresidenteibanez.cl\/web\/wp-json\/wp\/v2\/comments?post=26354"}],"version-history":[{"count":0,"href":"https:\/\/www.radiopresidenteibanez.cl\/web\/wp-json\/wp\/v2\/posts\/26354\/revisions"}],"wp:featuredmedia":[{"embeddable":true,"href":"https:\/\/www.radiopresidenteibanez.cl\/web\/wp-json\/wp\/v2\/media\/26355"}],"wp:attachment":[{"href":"https:\/\/www.radiopresidenteibanez.cl\/web\/wp-json\/wp\/v2\/media?parent=26354"}],"wp:term":[{"taxonomy":"category","embeddable":true,"href":"https:\/\/www.radiopresidenteibanez.cl\/web\/wp-json\/wp\/v2\/categories?post=26354"},{"taxonomy":"post_tag","embeddable":true,"href":"https:\/\/www.radiopresidenteibanez.cl\/web\/wp-json\/wp\/v2\/tags?post=26354"}],"curies":[{"name":"wp","href":"https:\/\/api.w.org\/{rel}","templated":true}]}}