{"id":26352,"date":"2021-12-20T16:17:00","date_gmt":"2021-12-20T19:17:00","guid":{"rendered":"https:\/\/www.radiopresidenteibanez.cl\/web\/?p=26352"},"modified":"2021-12-20T17:19:49","modified_gmt":"2021-12-20T20:19:49","slug":"edelmag-2","status":"publish","type":"post","link":"https:\/\/www.radiopresidenteibanez.cl\/web\/edelmag-2\/","title":{"rendered":"EDELMAG"},"content":{"rendered":"\n<p>En\nrelaci\u00f3n con la emergencia ocurrida esta ma\u00f1ana que afecta a un sector de Punta\nArenas, la Empresa El\u00e9ctrica de Magallanes informa lo siguiente:<\/p>\n\n\n\n<ul class=\"wp-block-list\"><li>Alrededor de las 15:15 horas se produjo la interrupci\u00f3n de\nsuministro el\u00e9ctrico para 3.567 clientes ubicados en las poblaciones 18 de Septiembre,\n21 de Mayo, Calixto, Diego Portales, El Ping\u00fcino, Loteo del Mar, Carlos Ib\u00e1\u00f1ez,\nMonse\u00f1or Boric, Nueva Independencia, Camilo Henr\u00edquez, Villa Santa In\u00e9s y el sector\nde Salvador Allende desde Mart\u00ednez de Aldunate hasta el Cerro Mirador.<\/li><\/ul>\n\n\n\n<ul class=\"wp-block-list\"><li>Personal t\u00e9cnico al revisar el sector, detect\u00f3 una malla de media\ntensi\u00f3n cortada. A esta hora se realizan los trabajos de reparaci\u00f3n,\nestim\u00e1ndose que \u00e9stos finalicen alrededor de las 17:30 horas. <\/li><\/ul>\n\n\n\n<ul class=\"wp-block-list\"><li>Para consultas se encuentra disponible el Fono Clientes 800 800\n400, para una atenci\u00f3n m\u00e1s expedita y en caso de ser posible se solicita que\ntengan a mano su n\u00famero de cliente que se encuentra impreso en la parte superior\nde la boleta.<\/li><\/ul>\n","protected":false},"excerpt":{"rendered":"<p>En relaci\u00f3n con la emergencia ocurrida esta ma\u00f1ana que afecta a un sector de Punta Arenas, la Empresa El\u00e9ctrica de Magallanes informa lo siguiente: Alrededor de las 15:15 horas se&#8230; <a class=\"read-more\" href=\"https:\/\/www.radiopresidenteibanez.cl\/web\/edelmag-2\/\">Leer m\u00e1s<\/a><\/p>\n","protected":false},"author":2,"featured_media":22331,"comment_status":"closed","ping_status":"closed","sticky":false,"template":"","format":"standard","meta":{"footnotes":""},"categories":[1],"tags":[],"class_list":["post-26352","post","type-post","status-publish","format-standard","has-post-thumbnail","hentry","category-cronica"],"_links":{"self":[{"href":"https:\/\/www.radiopresidenteibanez.cl\/web\/wp-json\/wp\/v2\/posts\/26352","targetHints":{"allow":["GET"]}}],"collection":[{"href":"https:\/\/www.radiopresidenteibanez.cl\/web\/wp-json\/wp\/v2\/posts"}],"about":[{"href":"https:\/\/www.radiopresidenteibanez.cl\/web\/wp-json\/wp\/v2\/types\/post"}],"author":[{"embeddable":true,"href":"https:\/\/www.radiopresidenteibanez.cl\/web\/wp-json\/wp\/v2\/users\/2"}],"replies":[{"embeddable":true,"href":"https:\/\/www.radiopresidenteibanez.cl\/web\/wp-json\/wp\/v2\/comments?post=26352"}],"version-history":[{"count":0,"href":"https:\/\/www.radiopresidenteibanez.cl\/web\/wp-json\/wp\/v2\/posts\/26352\/revisions"}],"wp:featuredmedia":[{"embeddable":true,"href":"https:\/\/www.radiopresidenteibanez.cl\/web\/wp-json\/wp\/v2\/media\/22331"}],"wp:attachment":[{"href":"https:\/\/www.radiopresidenteibanez.cl\/web\/wp-json\/wp\/v2\/media?parent=26352"}],"wp:term":[{"taxonomy":"category","embeddable":true,"href":"https:\/\/www.radiopresidenteibanez.cl\/web\/wp-json\/wp\/v2\/categories?post=26352"},{"taxonomy":"post_tag","embeddable":true,"href":"https:\/\/www.radiopresidenteibanez.cl\/web\/wp-json\/wp\/v2\/tags?post=26352"}],"curies":[{"name":"wp","href":"https:\/\/api.w.org\/{rel}","templated":true}]}}