{"id":26349,"date":"2021-12-20T17:16:40","date_gmt":"2021-12-20T20:16:40","guid":{"rendered":"https:\/\/www.radiopresidenteibanez.cl\/web\/?p=26349"},"modified":"2021-12-20T17:16:45","modified_gmt":"2021-12-20T20:16:45","slug":"alejandro-avendano-gallardo-por-fin-los-chilenos-volveremos-a-recuperar-la-dignidad-con-nuestro-presidente-electo-gabriel-boric","status":"publish","type":"post","link":"https:\/\/www.radiopresidenteibanez.cl\/web\/alejandro-avendano-gallardo-por-fin-los-chilenos-volveremos-a-recuperar-la-dignidad-con-nuestro-presidente-electo-gabriel-boric\/","title":{"rendered":"ALEJANDRO AVENDA\u00f1O GALLARDO: \u201cPOR FIN LOS CHILENOS VOLVEREMOS A RECUPERAR LA DIGNIDAD CON NUESTRO PRESIDENTE ELECTO GABRIEL BORIC\u201d"},"content":{"rendered":"\n<p><em>Hoy podemos decir y dar tranquilidad a los mas de 30 mil empleados\np\u00fablicos que ve\u00edan amenazado su trabajo, para nuestros inmigrantes no habr\u00e1\nzanja, para las pocas empresas del estado que no ser\u00e1n privatizadas por el\ncontrario potenciadas, por las mujeres que ver\u00e1n potenciado su rol, para los\nmiles de jubilados que podr\u00e1n tener una jubilaci\u00f3n digna y los trabajadores con\nun sueldo m\u00ednimo que les alcance para llegar a fin de mes, todo esto se ve\u00eda\namenazado con la otra candidatura y que el pueblo venci\u00f3 el miedo y supo votar\nlo que en realidad nuestro pa\u00eds requiere hoy.<\/em><\/p>\n\n\n\n<p><em>&nbsp;Sabemos que tiene una tarea muy\ndif\u00edcil nuestro presidente electo, cuando a suma la presidencia el pr\u00f3ximo 11\nde marzo, esperemos que el parlamento este a la altura de sus ideas y lo que\nrequiere el pueblo, de esta misma forma estaremos muy atentos al actuar de la\nultraderecha y defenderemos con garras el accionar de nuestro presidente y para\nque le vaya bien en sus grandes propuestas que llevara adelante y que no son\notra cosa que ayudar al pueblo.<\/em><\/p>\n\n\n\n<p><em>Chile hoy respira m\u00e1s aliviado, m\u00e1s esperanzado t\u00e9ngalo por seguro\npresidente&nbsp; este viento magall\u00e1nico cada\nvez que lo necesites y darte fuerza soplara mas fuerte que nunca, para darte\ntodo el \u00e9xito que necesitaras, finalizo se\u00f1alando Avenda\u00f1o.<\/em><\/p>\n\n\n\n<p><em>&nbsp;hay que recordar que en el primer\ngobierno de Bachelet en septiembre del 2008 rebajo el impuesto espec\u00edfico de 6\nUTM a 4,5 UTM y lo mantuvo hasta abril del a\u00f1o 2010 y fue un importante alivio,\ny en marzo del mismo a\u00f1o asumi\u00f3 el primer gobierno de Pi\u00f1era y no fue capaz de\nextenderlo sino retomar las 6 UTM.<\/em><\/p>\n\n\n\n<p><em>Otra medida tomada por Bachelet fue modificar el decreto N\u00b0319 en\ndiciembre del a\u00f1o 2009 autorizo la refinaci\u00f3n del Diesel vehicular sobre la\nnormativa de las partes por mill\u00f3n de azufre en nuestra refiner\u00eda Gregorio,\nentendiendo que si esta autorizado refinar el di\u00e9sel marino que actualmente\nabastece a las embarcaciones en la regi\u00f3n y por otro lado no tiene sentido no\nvolver autorizar a la refiner\u00eda Gregorio cuando veh\u00edculos particulares y\ncamioneros Argentinos circulan con alto porcentaje de azufre, esa medida tomada\nel 2009 de modificaci\u00f3n de este decreto no solo favoreci\u00f3 a la regi\u00f3n si no\ntambi\u00e9n a la Patagonia Argentina ya que desde nuestra refiner\u00eda era abastecida\nde este combustible.<\/em><\/p>\n","protected":false},"excerpt":{"rendered":"<p>Hoy podemos decir y dar tranquilidad a los mas de 30 mil empleados p\u00fablicos que ve\u00edan amenazado su trabajo, para nuestros inmigrantes no habr\u00e1 zanja, para las pocas empresas del&#8230; <a class=\"read-more\" href=\"https:\/\/www.radiopresidenteibanez.cl\/web\/alejandro-avendano-gallardo-por-fin-los-chilenos-volveremos-a-recuperar-la-dignidad-con-nuestro-presidente-electo-gabriel-boric\/\">Leer m\u00e1s<\/a><\/p>\n","protected":false},"author":2,"featured_media":26350,"comment_status":"closed","ping_status":"closed","sticky":false,"template":"","format":"standard","meta":{"footnotes":""},"categories":[1],"tags":[],"class_list":["post-26349","post","type-post","status-publish","format-standard","has-post-thumbnail","hentry","category-cronica"],"_links":{"self":[{"href":"https:\/\/www.radiopresidenteibanez.cl\/web\/wp-json\/wp\/v2\/posts\/26349","targetHints":{"allow":["GET"]}}],"collection":[{"href":"https:\/\/www.radiopresidenteibanez.cl\/web\/wp-json\/wp\/v2\/posts"}],"about":[{"href":"https:\/\/www.radiopresidenteibanez.cl\/web\/wp-json\/wp\/v2\/types\/post"}],"author":[{"embeddable":true,"href":"https:\/\/www.radiopresidenteibanez.cl\/web\/wp-json\/wp\/v2\/users\/2"}],"replies":[{"embeddable":true,"href":"https:\/\/www.radiopresidenteibanez.cl\/web\/wp-json\/wp\/v2\/comments?post=26349"}],"version-history":[{"count":0,"href":"https:\/\/www.radiopresidenteibanez.cl\/web\/wp-json\/wp\/v2\/posts\/26349\/revisions"}],"wp:featuredmedia":[{"embeddable":true,"href":"https:\/\/www.radiopresidenteibanez.cl\/web\/wp-json\/wp\/v2\/media\/26350"}],"wp:attachment":[{"href":"https:\/\/www.radiopresidenteibanez.cl\/web\/wp-json\/wp\/v2\/media?parent=26349"}],"wp:term":[{"taxonomy":"category","embeddable":true,"href":"https:\/\/www.radiopresidenteibanez.cl\/web\/wp-json\/wp\/v2\/categories?post=26349"},{"taxonomy":"post_tag","embeddable":true,"href":"https:\/\/www.radiopresidenteibanez.cl\/web\/wp-json\/wp\/v2\/tags?post=26349"}],"curies":[{"name":"wp","href":"https:\/\/api.w.org\/{rel}","templated":true}]}}