{"id":26343,"date":"2021-12-20T14:37:00","date_gmt":"2021-12-20T17:37:00","guid":{"rendered":"https:\/\/www.radiopresidenteibanez.cl\/web\/?p=26343"},"modified":"2021-12-20T11:31:01","modified_gmt":"2021-12-20T14:31:01","slug":"gasco-firma-convenio-con-amuch-para-la-entrega-de-500-mil-descuentos-en-la-compra-de-gas-licuado","status":"publish","type":"post","link":"https:\/\/www.radiopresidenteibanez.cl\/web\/gasco-firma-convenio-con-amuch-para-la-entrega-de-500-mil-descuentos-en-la-compra-de-gas-licuado\/","title":{"rendered":"GASCO FIRMA CONVENIO CON AMUCH PARA LA ENTREGA DE 500 MIL DESCUENTOS EN LA COMPRA DE GAS LICUADO"},"content":{"rendered":"\n<p>Seg\u00fan se\u00f1al\u00f3 el Gerente de Negocios Envasado de Gasco GLP, Fernando Ledesma, \u201cEntendemos que el precio del gas ha experimentado importantes alzas, que se deben principalmente a que es un producto importado por lo que depende del precio internacional de este combustible y del alza en el precio del d\u00f3lar. Como empresa hemos estado disponibles para colaborar con iniciativas que vayan en ayuda de las familias m\u00e1s necesitadas, y en esta ocasi\u00f3n, hemos concurrido al llamado que nos hizo la Asociaci\u00f3n de Municipalidades de Chile para entregar un 15% de descuento, en 500.000 cargas para el a\u00f1o 2022. Continuaremos trabajando para entregar a nuestros clientes un servicio de excelencia, eficiente, seguro y comprometido con el medio ambiente, contribuyendo as\u00ed al bienestar de las personas\u201d.<\/p>\n\n\n\n<p>Por su parte, el presidente de AMUCH, Gustavo Alessandri, Alcalde de Zapallar se\u00f1al\u00f3 que \u201cEstamos felices de poder comunicar que desde el mes de enero los vecinos y vecinas de nuestros municipios AMUCH, podr\u00e1n acceder a descuentos en la compra de balones de consumo domiciliario con la empresa Gasco. Esta iniciativa no le significar\u00e1 ning\u00fan tipo de inversi\u00f3n al municipio, al contrario, ellos s\u00f3lo se encargar\u00e1n de comunicar el modelo e inscribir a la gente de su comuna para que puedan obtener este beneficio\u201d<\/p>\n\n\n\n<p>Seg\u00fan se inform\u00f3, los vecinos interesados deber\u00e1n inscribirse en cada uno de los municipios asociados, los cuales enviar\u00e1n sus bases de datos a Gasco. De esta forma, las personas, a trav\u00e9s de la l\u00ednea telef\u00f3nica 800-530-800, con su RUT, podr\u00e1n realizar su compra con el descuento AMUCH del 15% una vez al mes.<\/p>\n\n\n\n<p>Esta iniciativa permitir\u00e1 ofrecer una soluci\u00f3n r\u00e1pida, efectiva y directa en beneficio de los bolsillos de las personas m\u00e1s vulnerables que pertenecen a los municipios de la AMUCH.<br><\/p>\n","protected":false},"excerpt":{"rendered":"<p>Seg\u00fan se\u00f1al\u00f3 el Gerente de Negocios Envasado de Gasco GLP, Fernando Ledesma, \u201cEntendemos que el precio del gas ha experimentado importantes alzas, que se deben principalmente a que es un&#8230; <a class=\"read-more\" href=\"https:\/\/www.radiopresidenteibanez.cl\/web\/gasco-firma-convenio-con-amuch-para-la-entrega-de-500-mil-descuentos-en-la-compra-de-gas-licuado\/\">Leer m\u00e1s<\/a><\/p>\n","protected":false},"author":2,"featured_media":26344,"comment_status":"closed","ping_status":"closed","sticky":false,"template":"","format":"standard","meta":{"footnotes":""},"categories":[1],"tags":[],"class_list":["post-26343","post","type-post","status-publish","format-standard","has-post-thumbnail","hentry","category-cronica"],"_links":{"self":[{"href":"https:\/\/www.radiopresidenteibanez.cl\/web\/wp-json\/wp\/v2\/posts\/26343","targetHints":{"allow":["GET"]}}],"collection":[{"href":"https:\/\/www.radiopresidenteibanez.cl\/web\/wp-json\/wp\/v2\/posts"}],"about":[{"href":"https:\/\/www.radiopresidenteibanez.cl\/web\/wp-json\/wp\/v2\/types\/post"}],"author":[{"embeddable":true,"href":"https:\/\/www.radiopresidenteibanez.cl\/web\/wp-json\/wp\/v2\/users\/2"}],"replies":[{"embeddable":true,"href":"https:\/\/www.radiopresidenteibanez.cl\/web\/wp-json\/wp\/v2\/comments?post=26343"}],"version-history":[{"count":0,"href":"https:\/\/www.radiopresidenteibanez.cl\/web\/wp-json\/wp\/v2\/posts\/26343\/revisions"}],"wp:featuredmedia":[{"embeddable":true,"href":"https:\/\/www.radiopresidenteibanez.cl\/web\/wp-json\/wp\/v2\/media\/26344"}],"wp:attachment":[{"href":"https:\/\/www.radiopresidenteibanez.cl\/web\/wp-json\/wp\/v2\/media?parent=26343"}],"wp:term":[{"taxonomy":"category","embeddable":true,"href":"https:\/\/www.radiopresidenteibanez.cl\/web\/wp-json\/wp\/v2\/categories?post=26343"},{"taxonomy":"post_tag","embeddable":true,"href":"https:\/\/www.radiopresidenteibanez.cl\/web\/wp-json\/wp\/v2\/tags?post=26343"}],"curies":[{"name":"wp","href":"https:\/\/api.w.org\/{rel}","templated":true}]}}