{"id":26340,"date":"2021-12-20T12:25:00","date_gmt":"2021-12-20T15:25:00","guid":{"rendered":"https:\/\/www.radiopresidenteibanez.cl\/web\/?p=26340"},"modified":"2021-12-20T11:27:42","modified_gmt":"2021-12-20T14:27:42","slug":"presidente-electo-gabriel-boric-la-no-discriminacion-y-detener-la-violencia-contra-diversidades-y-mujeres-sera-fundamental","status":"publish","type":"post","link":"https:\/\/www.radiopresidenteibanez.cl\/web\/presidente-electo-gabriel-boric-la-no-discriminacion-y-detener-la-violencia-contra-diversidades-y-mujeres-sera-fundamental\/","title":{"rendered":"PRESIDENTE ELECTO GABRIEL BORIC: \u201cLA NO DISCRIMINACI\u00d3N Y DETENER LA VIOLENCIA CONTRA DIVERSIDADES Y MUJERES SER\u00c1 FUNDAMENTAL\u201d"},"content":{"rendered":"\n<p>Gabriel Boric hizo historia ayer al transformarse &nbsp;en el presidente electo m\u00e1s joven de Chile. A sus 35 a\u00f1os gan\u00f3 la segunda vuelta con el 55,87% de los votos, &nbsp;equivalente a 4.620.671 sufragios, la m\u00e1s alta adhesi\u00f3n alcanzada por un aspirante en La Moneda en la historia del pa\u00eds.<\/p>\n\n\n\n<p>En su primer discurso como presidente electo, Boric agradeci\u00f3 ayer a las &nbsp;\u201cdisidencias y diversidades, que han sido larga, largamente discriminadas en esta campa\u00f1a y vieron amenazados los pocos logros que han tenido.&nbsp;En nuestro gobierno, quiero que sepan que la no discriminaci\u00f3n, y&nbsp;detener la violenciacontra las diversidades y las mujeres, junto a las organizaciones feministas, va a ser fundamental\u00bb.<\/p>\n\n\n\n<p>El Movimiento de Integraci\u00f3n y Liberaci\u00f3n Homosexual (Movilh) felicit\u00f3 al presidente electo y se puso a su disposici\u00f3n para colaborar en la implementaci\u00f3n de los componentes LGBTIQA+ de su programa<\/p>\n\n\n\n<p>El encargado de Derechos Humanos del Movilh, Ram\u00f3n G\u00f3mez, resalt\u00f3 que \u201cha triunfado Boric y el plan transformador que encabeza para erradicar las diversas desigualdades estructurales que afectan a tantos grupos humanos en Chile, como son las personas LGBTIQA+. Confiamos en que &nbsp;Boric llevar\u00e1 a la Moneda una nueva forma de hacer pol\u00edtica, &nbsp;una m\u00e1s &nbsp;emp\u00e1tica, m\u00e1s respetuosa y cordial. Una que trate en igualdad de condiciones a todos los movimientos sociales y valore y rescate los aportes de las fuerzas independientes\u201d.<\/p>\n\n\n\n<p>A\u00f1adi\u00f3 que \u201cfelicitamos al presidente Boric, quien trae esperanzas de mejores condiciones de vida&nbsp; y ha sabido, con perseverancias y propuestas, derrotar a un contendor fascista, que era un peligro para los derechos humanos de mujeres, migrantes y personas LGBTIQ+. Nos ponemos a disposici\u00f3n del futuro nuevo Gobierno para contribuir a la implementaci\u00f3n de toda iniciativa que prevenga o erradique la discriminaci\u00f3n por orientaci\u00f3n sexual, identidad de g\u00e9nero o expresi\u00f3n de g\u00e9nero\u201d<\/p>\n\n\n\n<p><strong>Programa de Boric<\/strong><\/p>\n\n\n\n<p>En su programa, Boric promete un \u201cPlan Nacional de Derechos Sociales LGBTIAQ+\u201d &nbsp;que busca erradicar la discriminaci\u00f3n o desigualdades por orientaci\u00f3n sexual o identidad de g\u00e9nero en los campos de la salud, la educaci\u00f3n y el trabajo<\/p>\n\n\n\n<p>\u201cLa poblaci\u00f3n LGBTIAQ+ enfrenta desigualdades en los \u00e1mbitos de la salud, la educaci\u00f3n, el trabajo o los cuidados. Consideramos que la dignidad se construye garantizando la provisi\u00f3n p\u00fablica de derechos, por ello impulsaremos un plan que garantice la protecci\u00f3n y promoci\u00f3n de los derechos sociales de las diversidades y disidencias sexogen\u00e9ricas. Ser\u00e1 la primera etapa de una pol\u00edtica de largo alcance y constituye un abordaje de puntos prioritarios que deber\u00e1n ampliarse posteriormente\u201d, se\u00f1ala el Plan.<\/p>\n\n\n\n<p>&nbsp;El tal sentido, el Plan resalta que \u201cfomentaremos acciones afirmativas que garanticen el derecho al empleo, trayectorias laborales de calidad y frenar el acoso laboral de personas LGBTIAQ+ a trav\u00e9s de programas de formaci\u00f3n y capacitaci\u00f3n laboral. Desde el Estado desarrollaremos protocolos y circulares que garanticen las pol\u00edticas de no discriminaci\u00f3n e impulsaremos el Cupo Laboral Trans, garantizando su empleabilidad en al menos un 1% en sector p\u00fablico\u201d.<\/p>\n","protected":false},"excerpt":{"rendered":"<p>Gabriel Boric hizo historia ayer al transformarse &nbsp;en el presidente electo m\u00e1s joven de Chile. A sus 35 a\u00f1os gan\u00f3 la segunda vuelta con el 55,87% de los votos, &nbsp;equivalente&#8230; <a class=\"read-more\" href=\"https:\/\/www.radiopresidenteibanez.cl\/web\/presidente-electo-gabriel-boric-la-no-discriminacion-y-detener-la-violencia-contra-diversidades-y-mujeres-sera-fundamental\/\">Leer m\u00e1s<\/a><\/p>\n","protected":false},"author":2,"featured_media":26341,"comment_status":"closed","ping_status":"closed","sticky":false,"template":"","format":"standard","meta":{"footnotes":""},"categories":[1],"tags":[],"class_list":["post-26340","post","type-post","status-publish","format-standard","has-post-thumbnail","hentry","category-cronica"],"_links":{"self":[{"href":"https:\/\/www.radiopresidenteibanez.cl\/web\/wp-json\/wp\/v2\/posts\/26340","targetHints":{"allow":["GET"]}}],"collection":[{"href":"https:\/\/www.radiopresidenteibanez.cl\/web\/wp-json\/wp\/v2\/posts"}],"about":[{"href":"https:\/\/www.radiopresidenteibanez.cl\/web\/wp-json\/wp\/v2\/types\/post"}],"author":[{"embeddable":true,"href":"https:\/\/www.radiopresidenteibanez.cl\/web\/wp-json\/wp\/v2\/users\/2"}],"replies":[{"embeddable":true,"href":"https:\/\/www.radiopresidenteibanez.cl\/web\/wp-json\/wp\/v2\/comments?post=26340"}],"version-history":[{"count":0,"href":"https:\/\/www.radiopresidenteibanez.cl\/web\/wp-json\/wp\/v2\/posts\/26340\/revisions"}],"wp:featuredmedia":[{"embeddable":true,"href":"https:\/\/www.radiopresidenteibanez.cl\/web\/wp-json\/wp\/v2\/media\/26341"}],"wp:attachment":[{"href":"https:\/\/www.radiopresidenteibanez.cl\/web\/wp-json\/wp\/v2\/media?parent=26340"}],"wp:term":[{"taxonomy":"category","embeddable":true,"href":"https:\/\/www.radiopresidenteibanez.cl\/web\/wp-json\/wp\/v2\/categories?post=26340"},{"taxonomy":"post_tag","embeddable":true,"href":"https:\/\/www.radiopresidenteibanez.cl\/web\/wp-json\/wp\/v2\/tags?post=26340"}],"curies":[{"name":"wp","href":"https:\/\/api.w.org\/{rel}","templated":true}]}}