{"id":26337,"date":"2021-12-20T11:31:00","date_gmt":"2021-12-20T14:31:00","guid":{"rendered":"https:\/\/www.radiopresidenteibanez.cl\/web\/?p=26337"},"modified":"2021-12-20T11:00:22","modified_gmt":"2021-12-20T14:00:22","slug":"26-ninos-de-rio-seco-vivieron-jornada-de-navidad","status":"publish","type":"post","link":"https:\/\/www.radiopresidenteibanez.cl\/web\/26-ninos-de-rio-seco-vivieron-jornada-de-navidad\/","title":{"rendered":"26 NI\u00f1OS DE RIO SECO VIVIERON JORNADA DE NAVIDAD"},"content":{"rendered":"\n<p> El Centro Comunitario de Salud Familiar de Rio Seco, realiz\u00f3 una jornada navide\u00f1a, este viernes 17 de diciembre, en su centro ubicado en calle Charles Darwin. En la oportunidad, se realiz\u00f3 una celebraci\u00f3n donde se entregaron regalos a 26 ni\u00f1as y ni\u00f1os que nacieron durante el a\u00f1o 2021, de los cuales 14 son varones y 12 damas.<br>La actividad se realiz\u00f3 con el aporte de los funcionarios del Cecosf, de la Direcci\u00f3n de Desarrollo Comunitario del Municipio de Punta Arenas, y la participaci\u00f3n de la Sub Comisaria de R\u00edo Seco.<br>En la oportunidad, se agradeci\u00f3 el aporte de cada una de las instituciones que permiti\u00f3 concretar esta actividad para los m\u00e1s peque\u00f1os.<br>La actividad, que se realiz\u00f3 cumpliendo todas las medidas sanitarias vigentes, cont\u00f3 con la presencia del alcalde de la comuna, Claudio Radonich, la directora de Desarrollo Comunitario, Elena Blackwood, el director del Cesfam Thomas Fenton, Pedro Jofr\u00e9, y la Teniente de la \u00a0Sub Comisar\u00eda de R\u00edo Seco, Andrea Neira. <\/p>\n","protected":false},"excerpt":{"rendered":"<p>El Centro Comunitario de Salud Familiar de Rio Seco, realiz\u00f3 una jornada navide\u00f1a, este viernes 17 de diciembre, en su centro ubicado en calle Charles Darwin. En la oportunidad, se&#8230; <a class=\"read-more\" href=\"https:\/\/www.radiopresidenteibanez.cl\/web\/26-ninos-de-rio-seco-vivieron-jornada-de-navidad\/\">Leer m\u00e1s<\/a><\/p>\n","protected":false},"author":2,"featured_media":26338,"comment_status":"closed","ping_status":"closed","sticky":false,"template":"","format":"standard","meta":{"footnotes":""},"categories":[1],"tags":[],"class_list":["post-26337","post","type-post","status-publish","format-standard","has-post-thumbnail","hentry","category-cronica"],"_links":{"self":[{"href":"https:\/\/www.radiopresidenteibanez.cl\/web\/wp-json\/wp\/v2\/posts\/26337","targetHints":{"allow":["GET"]}}],"collection":[{"href":"https:\/\/www.radiopresidenteibanez.cl\/web\/wp-json\/wp\/v2\/posts"}],"about":[{"href":"https:\/\/www.radiopresidenteibanez.cl\/web\/wp-json\/wp\/v2\/types\/post"}],"author":[{"embeddable":true,"href":"https:\/\/www.radiopresidenteibanez.cl\/web\/wp-json\/wp\/v2\/users\/2"}],"replies":[{"embeddable":true,"href":"https:\/\/www.radiopresidenteibanez.cl\/web\/wp-json\/wp\/v2\/comments?post=26337"}],"version-history":[{"count":0,"href":"https:\/\/www.radiopresidenteibanez.cl\/web\/wp-json\/wp\/v2\/posts\/26337\/revisions"}],"wp:featuredmedia":[{"embeddable":true,"href":"https:\/\/www.radiopresidenteibanez.cl\/web\/wp-json\/wp\/v2\/media\/26338"}],"wp:attachment":[{"href":"https:\/\/www.radiopresidenteibanez.cl\/web\/wp-json\/wp\/v2\/media?parent=26337"}],"wp:term":[{"taxonomy":"category","embeddable":true,"href":"https:\/\/www.radiopresidenteibanez.cl\/web\/wp-json\/wp\/v2\/categories?post=26337"},{"taxonomy":"post_tag","embeddable":true,"href":"https:\/\/www.radiopresidenteibanez.cl\/web\/wp-json\/wp\/v2\/tags?post=26337"}],"curies":[{"name":"wp","href":"https:\/\/api.w.org\/{rel}","templated":true}]}}