{"id":26330,"date":"2021-12-20T10:40:00","date_gmt":"2021-12-20T13:40:00","guid":{"rendered":"https:\/\/www.radiopresidenteibanez.cl\/web\/?p=26330"},"modified":"2021-12-20T10:16:26","modified_gmt":"2021-12-20T13:16:26","slug":"recordamos-al-maestro-fernando-bargetto-en-el-ultimo-tren-a-casa","status":"publish","type":"post","link":"https:\/\/www.radiopresidenteibanez.cl\/web\/recordamos-al-maestro-fernando-bargetto-en-el-ultimo-tren-a-casa\/","title":{"rendered":"RECORDAMOS AL MAESTRO FERNANDO BARGETTO EN EL \u00daLTIMO TREN A CASA"},"content":{"rendered":"\n<p>El programa <strong><em>\u00abEl \u00faltimo tren a casa\u00bb<\/em><\/strong>  presenta una edici\u00f3n dedicada al concertista en guitarra  y profesor <strong>Fernando Bargetto Orellana<\/strong>, fallecido a los 83 a\u00f1os el 29 de junio de 2021.  Se conocer\u00e1n testimonios de quienes conocieron al Maestro Bargetto como el m\u00fasico Manuel Contreras Sotomayor, el guitarrista Javier Contreras, su ex-alumno y actual profesor Luis G\u00f3mez, el profesor y coordinador extraescolar de la Cormupa Enrique Esparza.El espacio radial ser\u00e1 emitido el mi\u00e9rcoles 22 de diciembre a las 19 hrs. por las frecuencias de Radio Presidente Ib\u00e1\u00f1ez.Produce: Colectivo Aczi\u00f3n Kultural  <\/p>\n","protected":false},"excerpt":{"rendered":"<p>El programa \u00abEl \u00faltimo tren a casa\u00bb presenta una edici\u00f3n dedicada al concertista en guitarra y profesor Fernando Bargetto Orellana, fallecido a los 83 a\u00f1os el 29 de junio de&#8230; <a class=\"read-more\" href=\"https:\/\/www.radiopresidenteibanez.cl\/web\/recordamos-al-maestro-fernando-bargetto-en-el-ultimo-tren-a-casa\/\">Leer m\u00e1s<\/a><\/p>\n","protected":false},"author":2,"featured_media":26331,"comment_status":"closed","ping_status":"closed","sticky":false,"template":"","format":"standard","meta":{"footnotes":""},"categories":[1],"tags":[],"class_list":["post-26330","post","type-post","status-publish","format-standard","has-post-thumbnail","hentry","category-cronica"],"_links":{"self":[{"href":"https:\/\/www.radiopresidenteibanez.cl\/web\/wp-json\/wp\/v2\/posts\/26330","targetHints":{"allow":["GET"]}}],"collection":[{"href":"https:\/\/www.radiopresidenteibanez.cl\/web\/wp-json\/wp\/v2\/posts"}],"about":[{"href":"https:\/\/www.radiopresidenteibanez.cl\/web\/wp-json\/wp\/v2\/types\/post"}],"author":[{"embeddable":true,"href":"https:\/\/www.radiopresidenteibanez.cl\/web\/wp-json\/wp\/v2\/users\/2"}],"replies":[{"embeddable":true,"href":"https:\/\/www.radiopresidenteibanez.cl\/web\/wp-json\/wp\/v2\/comments?post=26330"}],"version-history":[{"count":0,"href":"https:\/\/www.radiopresidenteibanez.cl\/web\/wp-json\/wp\/v2\/posts\/26330\/revisions"}],"wp:featuredmedia":[{"embeddable":true,"href":"https:\/\/www.radiopresidenteibanez.cl\/web\/wp-json\/wp\/v2\/media\/26331"}],"wp:attachment":[{"href":"https:\/\/www.radiopresidenteibanez.cl\/web\/wp-json\/wp\/v2\/media?parent=26330"}],"wp:term":[{"taxonomy":"category","embeddable":true,"href":"https:\/\/www.radiopresidenteibanez.cl\/web\/wp-json\/wp\/v2\/categories?post=26330"},{"taxonomy":"post_tag","embeddable":true,"href":"https:\/\/www.radiopresidenteibanez.cl\/web\/wp-json\/wp\/v2\/tags?post=26330"}],"curies":[{"name":"wp","href":"https:\/\/api.w.org\/{rel}","templated":true}]}}