{"id":26293,"date":"2021-12-18T16:50:00","date_gmt":"2021-12-18T19:50:00","guid":{"rendered":"https:\/\/www.radiopresidenteibanez.cl\/web\/?p=26293"},"modified":"2021-12-18T11:52:52","modified_gmt":"2021-12-18T14:52:52","slug":"el-jardin-infantil-ukika-de-puerto-williams-tuvo-destacada-participacion-en-la-expo-junji-2021","status":"publish","type":"post","link":"https:\/\/www.radiopresidenteibanez.cl\/web\/el-jardin-infantil-ukika-de-puerto-williams-tuvo-destacada-participacion-en-la-expo-junji-2021\/","title":{"rendered":"EL JARDIN INFANTIL \u201cUKIKA\u201d DE PUERTO WILLIAMS TUVO DESTACADA PARTICIPACION EN LA EXPO JUNJI 2021"},"content":{"rendered":"\n<p>La Expo JUNJI Magallanes fue un \u00e9xito, con 6.108 vistas en el canal de YouTube \u201cJUNJI Magallanes\u201d en su primera semana de estreno, el que inici\u00f3 al mediod\u00eda del viernes 3 de diciembre de 2021.<\/p>\n\n\n\n<p>El primer lugar en la cantidad de vistas fue para el Jard\u00edn Infantil \u201cUkika\u201d de Puerto Williams, que alcanz\u00f3 las 1.058 en el mismo lapso, seguido de los establecimientos \u201cPapelucho\u201d y \u201cPepita de Oro\u201d, ambos de Porvenir, con 673 y 650 vistas, respectivamente.<\/p>\n\n\n\n<p>Recordemos que, por segundo a\u00f1o consecutivo, la Direcci\u00f3n Regional de Magallanes y de la Ant\u00e1rtica Chilena de la Junta Nacional de Jardines Infantiles (JUNJI), decidi\u00f3 hacer la muestra de actividades pedag\u00f3gicas en el contexto del retorno de las consecuencias del coronavirus, de forma virtual. En sus dos primera versiones, la cita fue presencial y s\u00f3lo consider\u00f3 a las unidades de Punta Arenas, mont\u00e1ndose en el m\u00f3dulo central de la Zona Franca de Punta Arenas.&nbsp;<\/p>\n\n\n\n<p>La directora regional (S) de la JUNJI, Marisol Villegas N\u00fa\u00f1ez,&nbsp;entreg\u00f3 un reconocimiento a la comunidad educativa de \u201cUkika\u201d, en la propia comuna de Cabo de Hornos.<\/p>\n\n\n\n<p>La directora del establecimiento, la educadora Nicole Albanez Silva, destac\u00f3 la virtualidad de la cita, que permite al mundo conocer no s\u00f3lo lo que hacen los recintos de Punta Arenas sino tambi\u00e9n las unidades y programas organizacionales que existen en Puerto Williams, Porvenir, Puerto Natales y Puerto Ed\u00e9n.<\/p>\n\n\n\n<p>\u201cEl trabajo de la JUNJI va en la misma l\u00ednea en todos los territorios, con la misma calidad y con las mismas posibilidades de desarrollo y aprendizaje para las ni\u00f1as y los ni\u00f1os\u201d, manifest\u00f3 con felicidad Nicole Albanez.<\/p>\n\n\n\n<p>Explic\u00f3 que participaron con material de im\u00e1genes y v\u00eddeos recopilados durante el a\u00f1o. \u201cHubo una selecci\u00f3n para que se reflejara el goce y el disfrute de los p\u00e1rvulos en la realizaci\u00f3n de las distintas experiencias. Cuando el v\u00eddeo fue publicado en YouTube empezamos una difusi\u00f3n permanente, por Whatsapp, Facebook y de forma presencial. De esta manera, familias de otras partes de Chile supieron de nuestro jard\u00edn, gracias al contacto con los residentes en Puerto Williams. Ya estamos esperando participar en la versi\u00f3n 2022\u201d, agreg\u00f3.<\/p>\n\n\n\n<p>Hay 23 v\u00eddeos disponibles, que fueron grabados y editados por los distintos equipos pedag\u00f3gicos, con acento en experiencias en un contexto de regreso a las actividades presenciales, el que tiene un car\u00e1cter voluntario, flexible, gradual y retomando los procesos educativos.&nbsp;<\/p>\n\n\n\n<p>Marisol Villegas valor\u00f3 el trabajo. \u201cNo fue f\u00e1cil la realizaci\u00f3n, dado el complejo cierre de a\u00f1o. Nos complace presentar una lista de v\u00eddeos din\u00e1mica, con mucha habilidad editorial. Queremos llevar virtualmente a las familias a conocer la educaci\u00f3n de calidad y el bienestar integral que otorgamos a los p\u00e1rvulos, con experiencias pedag\u00f3gicas que han sido exitosas en el retorno a las aulas en esta emergencia sanitaria\u201d, concluy\u00f3.<\/p>\n","protected":false},"excerpt":{"rendered":"<p>La Expo JUNJI Magallanes fue un \u00e9xito, con 6.108 vistas en el canal de YouTube \u201cJUNJI Magallanes\u201d en su primera semana de estreno, el que inici\u00f3 al mediod\u00eda del viernes&#8230; <a class=\"read-more\" href=\"https:\/\/www.radiopresidenteibanez.cl\/web\/el-jardin-infantil-ukika-de-puerto-williams-tuvo-destacada-participacion-en-la-expo-junji-2021\/\">Leer m\u00e1s<\/a><\/p>\n","protected":false},"author":2,"featured_media":26294,"comment_status":"closed","ping_status":"closed","sticky":false,"template":"","format":"standard","meta":{"footnotes":""},"categories":[1],"tags":[],"class_list":["post-26293","post","type-post","status-publish","format-standard","has-post-thumbnail","hentry","category-cronica"],"_links":{"self":[{"href":"https:\/\/www.radiopresidenteibanez.cl\/web\/wp-json\/wp\/v2\/posts\/26293","targetHints":{"allow":["GET"]}}],"collection":[{"href":"https:\/\/www.radiopresidenteibanez.cl\/web\/wp-json\/wp\/v2\/posts"}],"about":[{"href":"https:\/\/www.radiopresidenteibanez.cl\/web\/wp-json\/wp\/v2\/types\/post"}],"author":[{"embeddable":true,"href":"https:\/\/www.radiopresidenteibanez.cl\/web\/wp-json\/wp\/v2\/users\/2"}],"replies":[{"embeddable":true,"href":"https:\/\/www.radiopresidenteibanez.cl\/web\/wp-json\/wp\/v2\/comments?post=26293"}],"version-history":[{"count":0,"href":"https:\/\/www.radiopresidenteibanez.cl\/web\/wp-json\/wp\/v2\/posts\/26293\/revisions"}],"wp:featuredmedia":[{"embeddable":true,"href":"https:\/\/www.radiopresidenteibanez.cl\/web\/wp-json\/wp\/v2\/media\/26294"}],"wp:attachment":[{"href":"https:\/\/www.radiopresidenteibanez.cl\/web\/wp-json\/wp\/v2\/media?parent=26293"}],"wp:term":[{"taxonomy":"category","embeddable":true,"href":"https:\/\/www.radiopresidenteibanez.cl\/web\/wp-json\/wp\/v2\/categories?post=26293"},{"taxonomy":"post_tag","embeddable":true,"href":"https:\/\/www.radiopresidenteibanez.cl\/web\/wp-json\/wp\/v2\/tags?post=26293"}],"curies":[{"name":"wp","href":"https:\/\/api.w.org\/{rel}","templated":true}]}}