{"id":26290,"date":"2021-12-18T15:23:00","date_gmt":"2021-12-18T18:23:00","guid":{"rendered":"https:\/\/www.radiopresidenteibanez.cl\/web\/?p=26290"},"modified":"2021-12-18T11:50:10","modified_gmt":"2021-12-18T14:50:10","slug":"club-deportivo-de-natacion-los-delfines-consigue-18-medallas-en-arica","status":"publish","type":"post","link":"https:\/\/www.radiopresidenteibanez.cl\/web\/club-deportivo-de-natacion-los-delfines-consigue-18-medallas-en-arica\/","title":{"rendered":"CLUB DEPORTIVO DE NATACI\u00d3N LOS DELFINES, CONSIGUE 18 MEDALLAS EN ARICA"},"content":{"rendered":"\n<p>Ocho nadadores representaron a la regi\u00f3n de Magallanes, el pasado 10, 11 y 12 de diciembre, durante la realizaci\u00f3n del IX Campeonato de Nataci\u00f3n Master Sin Fronteras de Arica, organizado por el Club de Nataci\u00f3n Mantarrayas.<\/p>\n\n\n\n<p>M\u00e1s de 15 clubes de todo Chile dieron vida a dicha competencia, que se dividi\u00f3 en tres etapas: La primera en aguas abiertas, en la playa El Laucho, y consisti\u00f3 en realizar 1.500 metros; la segunda y tercera etapa se realiz\u00f3 en piscina ol\u00edmpica.<\/p>\n\n\n\n<p>&nbsp;\u201cFue una gran experiencia haber cruzado todo Chile para llegar a competir. Adem\u00e1s de conseguir nuevos aprendizajes, se bajaron tiempos y obtuvimos en total 18 medallas: 2 en Aguas Abiertas y 16 en pruebas individuales y relevo\u201d, destac\u00f3 Nicole Vicencio Poblete, presidenta del Club Los Delfines.<\/p>\n\n\n\n<p>Para poder viajar el Club debi\u00f3 realizar una rifa con m\u00e1s de 30 premios, \u201cdonados por empresas y pymes que creyeron en nosotros y nos colaboraron con alg\u00fan premio\u201d, detall\u00f3 quien agradeci\u00f3 adem\u00e1s a todas las personas que &nbsp;compraron n\u00fameros de rifa, \u201clo cual ayud\u00f3 mucho a amortiguar todos los gastos del viaje\u201d, puntualiz\u00f3.<\/p>\n\n\n\n<p>Desde agosto de 2021 a la fecha los entrenamientos del Club Deportivo Los Delfines, se realizan en la piscina fiscal de Punta Arenas, con alrededor de 40 nadadores adultos, desde nivel b\u00e1sico-intermedio-avanzado.<\/p>\n\n\n\n<p>@nataci\u00f3n_delfines \/ delfines.nataci\u00f3<a href=\"mailto:n@gmail.com\" target=\"_blank\" rel=\"noreferrer noopener\">n@gmail.com<\/a>&nbsp;<\/p>\n","protected":false},"excerpt":{"rendered":"<p>Ocho nadadores representaron a la regi\u00f3n de Magallanes, el pasado 10, 11 y 12 de diciembre, durante la realizaci\u00f3n del IX Campeonato de Nataci\u00f3n Master Sin Fronteras de Arica, organizado&#8230; <a class=\"read-more\" href=\"https:\/\/www.radiopresidenteibanez.cl\/web\/club-deportivo-de-natacion-los-delfines-consigue-18-medallas-en-arica\/\">Leer m\u00e1s<\/a><\/p>\n","protected":false},"author":2,"featured_media":26291,"comment_status":"closed","ping_status":"closed","sticky":false,"template":"","format":"standard","meta":{"footnotes":""},"categories":[1],"tags":[],"class_list":["post-26290","post","type-post","status-publish","format-standard","has-post-thumbnail","hentry","category-cronica"],"_links":{"self":[{"href":"https:\/\/www.radiopresidenteibanez.cl\/web\/wp-json\/wp\/v2\/posts\/26290","targetHints":{"allow":["GET"]}}],"collection":[{"href":"https:\/\/www.radiopresidenteibanez.cl\/web\/wp-json\/wp\/v2\/posts"}],"about":[{"href":"https:\/\/www.radiopresidenteibanez.cl\/web\/wp-json\/wp\/v2\/types\/post"}],"author":[{"embeddable":true,"href":"https:\/\/www.radiopresidenteibanez.cl\/web\/wp-json\/wp\/v2\/users\/2"}],"replies":[{"embeddable":true,"href":"https:\/\/www.radiopresidenteibanez.cl\/web\/wp-json\/wp\/v2\/comments?post=26290"}],"version-history":[{"count":0,"href":"https:\/\/www.radiopresidenteibanez.cl\/web\/wp-json\/wp\/v2\/posts\/26290\/revisions"}],"wp:featuredmedia":[{"embeddable":true,"href":"https:\/\/www.radiopresidenteibanez.cl\/web\/wp-json\/wp\/v2\/media\/26291"}],"wp:attachment":[{"href":"https:\/\/www.radiopresidenteibanez.cl\/web\/wp-json\/wp\/v2\/media?parent=26290"}],"wp:term":[{"taxonomy":"category","embeddable":true,"href":"https:\/\/www.radiopresidenteibanez.cl\/web\/wp-json\/wp\/v2\/categories?post=26290"},{"taxonomy":"post_tag","embeddable":true,"href":"https:\/\/www.radiopresidenteibanez.cl\/web\/wp-json\/wp\/v2\/tags?post=26290"}],"curies":[{"name":"wp","href":"https:\/\/api.w.org\/{rel}","templated":true}]}}