{"id":26281,"date":"2021-12-17T12:32:26","date_gmt":"2021-12-17T15:32:26","guid":{"rendered":"https:\/\/www.radiopresidenteibanez.cl\/web\/?p=26281"},"modified":"2021-12-17T12:32:31","modified_gmt":"2021-12-17T15:32:31","slug":"gobierno-regional-presenta-denuncia-por-irregularidades-en-programa-de-viviendas-de-serviu","status":"publish","type":"post","link":"https:\/\/www.radiopresidenteibanez.cl\/web\/gobierno-regional-presenta-denuncia-por-irregularidades-en-programa-de-viviendas-de-serviu\/","title":{"rendered":"GOBIERNO REGIONAL PRESENTA DENUNCIA POR IRREGULARIDADES EN PROGRAMA DE VIVIENDAS DE SERVIU"},"content":{"rendered":"\n<p>Hasta la Fiscal\u00eda Regional lleg\u00f3 el Gobernador Jorge Flies para\npresentar una denuncia por irregularidades en el Programa de Vivienda del\nServicio de Vivienda y Urbanismo.<\/p>\n\n\n\n<p>\u201cCuando asumimos nos encontramos con una situaci\u00f3n bastante\ncompleja. Familias ten\u00edan una oferta habitacional muy por sobre los marcos presupuestarias\nque se estimaban. Situaci\u00f3n y proceso que a nosotros nos parece irregular\nespecialmente en la oferta que se ha hecho de estas viviendas. Inclusive, en un\nproceso eleccionario previo\u201d coment\u00f3 Flies. <\/p>\n\n\n\n<p>A ra\u00edz de lo anterior, se present\u00f3 la denuncia al Fiscal\nRegional con el objetivo de identificar si existen responsabilidades p\u00fablicas o\nprivadas en estos hechos. <\/p>\n\n\n\n<p>Sumado a esto, Eugenia Mancilla, Jefa de la Divisi\u00f3n\nde&nbsp;Presupuesto e Inversi\u00f3n Regional, se\u00f1al\u00f3 que \u201cal asumir se nos solicit\u00f3\nque hici\u00e9ramos una revisi\u00f3n exhaustiva de todos los convenios que se hayan\nsuscrito anterior a la llegada del Gobernador y en ese contexto, y luego de\nunas semanas despu\u00e9s de la asunci\u00f3n del Gobernador Flies, se da a conocer que\nmuchas familias estaban alertadas de que sus proyectos de vivienda no ten\u00edan\nfinanciamiento completo\u201d.&nbsp; &nbsp;<\/p>\n\n\n\n<p>Ahora el proceso queda a la espera de la investigaci\u00f3n de\nparte de la Fiscal\u00eda Regional de Magallanes. <\/p>\n","protected":false},"excerpt":{"rendered":"<p>Hasta la Fiscal\u00eda Regional lleg\u00f3 el Gobernador Jorge Flies para presentar una denuncia por irregularidades en el Programa de Vivienda del Servicio de Vivienda y Urbanismo. \u201cCuando asumimos nos encontramos&#8230; <a class=\"read-more\" href=\"https:\/\/www.radiopresidenteibanez.cl\/web\/gobierno-regional-presenta-denuncia-por-irregularidades-en-programa-de-viviendas-de-serviu\/\">Leer m\u00e1s<\/a><\/p>\n","protected":false},"author":2,"featured_media":26282,"comment_status":"closed","ping_status":"closed","sticky":false,"template":"","format":"standard","meta":{"footnotes":""},"categories":[1],"tags":[],"class_list":["post-26281","post","type-post","status-publish","format-standard","has-post-thumbnail","hentry","category-cronica"],"_links":{"self":[{"href":"https:\/\/www.radiopresidenteibanez.cl\/web\/wp-json\/wp\/v2\/posts\/26281","targetHints":{"allow":["GET"]}}],"collection":[{"href":"https:\/\/www.radiopresidenteibanez.cl\/web\/wp-json\/wp\/v2\/posts"}],"about":[{"href":"https:\/\/www.radiopresidenteibanez.cl\/web\/wp-json\/wp\/v2\/types\/post"}],"author":[{"embeddable":true,"href":"https:\/\/www.radiopresidenteibanez.cl\/web\/wp-json\/wp\/v2\/users\/2"}],"replies":[{"embeddable":true,"href":"https:\/\/www.radiopresidenteibanez.cl\/web\/wp-json\/wp\/v2\/comments?post=26281"}],"version-history":[{"count":0,"href":"https:\/\/www.radiopresidenteibanez.cl\/web\/wp-json\/wp\/v2\/posts\/26281\/revisions"}],"wp:featuredmedia":[{"embeddable":true,"href":"https:\/\/www.radiopresidenteibanez.cl\/web\/wp-json\/wp\/v2\/media\/26282"}],"wp:attachment":[{"href":"https:\/\/www.radiopresidenteibanez.cl\/web\/wp-json\/wp\/v2\/media?parent=26281"}],"wp:term":[{"taxonomy":"category","embeddable":true,"href":"https:\/\/www.radiopresidenteibanez.cl\/web\/wp-json\/wp\/v2\/categories?post=26281"},{"taxonomy":"post_tag","embeddable":true,"href":"https:\/\/www.radiopresidenteibanez.cl\/web\/wp-json\/wp\/v2\/tags?post=26281"}],"curies":[{"name":"wp","href":"https:\/\/api.w.org\/{rel}","templated":true}]}}