{"id":26278,"date":"2021-12-17T18:27:00","date_gmt":"2021-12-17T21:27:00","guid":{"rendered":"https:\/\/www.radiopresidenteibanez.cl\/web\/?p=26278"},"modified":"2021-12-17T11:31:07","modified_gmt":"2021-12-17T14:31:07","slug":"ministro-destaca-centro-de-tecnovigilancia-que-permite-reemplazar-centinelas-pionero-en-america-latina","status":"publish","type":"post","link":"https:\/\/www.radiopresidenteibanez.cl\/web\/ministro-destaca-centro-de-tecnovigilancia-que-permite-reemplazar-centinelas-pionero-en-america-latina\/","title":{"rendered":"MINISTRO DESTACA CENTRO DE TECNOVIGILANCIA QUE PERMITE REEMPLAZAR CENTINELAS PIONERO EN AMERICA LATINA"},"content":{"rendered":"\n<p>El Ministro de\nJusticia y Derechos Humanos, Hern\u00e1n Larra\u00edn, inaugur\u00f3 hoy un moderno sistema de\ntecnovigilancia en el Complejo Penitenciario de Punta Arenas, que permite poner\nfin a la custodia a trav\u00e9s de torres de centinelas, subrayando que este \u201ces un\nmodelo pionero en Am\u00e9rica Latina, que esperamos impulsar en todo el pa\u00eds\u201d.<\/p>\n\n\n\n<p>El Secretario de\nEstado -quien estuvo acompa\u00f1ado por el Director Nacional de Gendarmer\u00eda,\nChristian Alveal; el Seremi de Justicia y DDHH, Crist\u00f3bal Fern\u00e1ndez; y el\nDirector Regional de Gendarmer\u00eda, Antonio Ibarra-&nbsp; indic\u00f3 que la transformaci\u00f3n digital en curso\n\u201ces la modernizaci\u00f3n m\u00e1s significativa de cualquier recinto penal chileno\u201d.\nExplic\u00f3 que el sistema de tecnovigilancia incorpora c\u00e1maras de circuito cerrado\nde televisi\u00f3n, c\u00e1maras termales que permiten la detecci\u00f3n y la capacidad\nanal\u00edtica para poder hacer seguimientos de movimientos sospechosos y tomar\nmedidas en forma oportuna; y, de esa manera, dar garant\u00eda de custodia y de\nseguridad como corresponde al sistema carcelario\u201d.<\/p>\n\n\n\n<p>A\u00f1adi\u00f3 que esta\ninversi\u00f3n, de 453 millones de pesos, \u201csignifica, adem\u00e1s, una mirada distinta,\ndesde el punto de vista del rol del gendarme: con este sistema se terminan las\ntorres de centinela, todo este trabajo de centinela tradicional, que en general\nes complejo, pero particularmente en las condiciones clim\u00e1ticas de Punta Arenas\nes especialmente dif\u00edcil. Y, por lo tanto, no solo hay aqu\u00ed una transformaci\u00f3n\ntecnol\u00f3gica muy significativa, que es se\u00f1era en Chile y en Am\u00e9rica Latina, sino\nque tambi\u00e9n hay una mirada del trabajo profesional de los gendarmes, de los\nfuncionarios penitenciarios, para que puedan hacer su trabajo de manera m\u00e1s\nhumana, que implica tambi\u00e9n un cambio de las estrategias de reacci\u00f3n frente a\nlo que las c\u00e1maras y los radares detectan\u201d.<\/p>\n\n\n\n<p><strong>M\u00f3dulos para mujeres<\/strong><\/p>\n\n\n\n<p>El Ministro tambi\u00e9n\ndestac\u00f3 que, gracias a gestiones realizadas por el Seremi Fern\u00e1ndez y el\nDirector Regional Ibarra, el Gobierno Regional resolvi\u00f3 la autorizaci\u00f3n de 531\nmillones de pesos para construir m\u00f3dulos exclusivos para mujeres en el Complejo\nPenitenciario magall\u00e1nico, \u201ccon criterio de equidad de g\u00e9nero, con centro de\neducaci\u00f3n y trabajo, que nos va a permitir tener una atenci\u00f3n adecuada a las\nmujeres que est\u00e9n privadas de libertad; y, al mismo tiempo, trabajar en su\nreinserci\u00f3n, lo cual tambi\u00e9n es una muy buena noticia para la regi\u00f3n\u201d.<\/p>\n","protected":false},"excerpt":{"rendered":"<p>El Ministro de Justicia y Derechos Humanos, Hern\u00e1n Larra\u00edn, inaugur\u00f3 hoy un moderno sistema de tecnovigilancia en el Complejo Penitenciario de Punta Arenas, que permite poner fin a la custodia&#8230; <a class=\"read-more\" href=\"https:\/\/www.radiopresidenteibanez.cl\/web\/ministro-destaca-centro-de-tecnovigilancia-que-permite-reemplazar-centinelas-pionero-en-america-latina\/\">Leer m\u00e1s<\/a><\/p>\n","protected":false},"author":2,"featured_media":26279,"comment_status":"closed","ping_status":"closed","sticky":false,"template":"","format":"standard","meta":{"footnotes":""},"categories":[1],"tags":[],"class_list":["post-26278","post","type-post","status-publish","format-standard","has-post-thumbnail","hentry","category-cronica"],"_links":{"self":[{"href":"https:\/\/www.radiopresidenteibanez.cl\/web\/wp-json\/wp\/v2\/posts\/26278","targetHints":{"allow":["GET"]}}],"collection":[{"href":"https:\/\/www.radiopresidenteibanez.cl\/web\/wp-json\/wp\/v2\/posts"}],"about":[{"href":"https:\/\/www.radiopresidenteibanez.cl\/web\/wp-json\/wp\/v2\/types\/post"}],"author":[{"embeddable":true,"href":"https:\/\/www.radiopresidenteibanez.cl\/web\/wp-json\/wp\/v2\/users\/2"}],"replies":[{"embeddable":true,"href":"https:\/\/www.radiopresidenteibanez.cl\/web\/wp-json\/wp\/v2\/comments?post=26278"}],"version-history":[{"count":0,"href":"https:\/\/www.radiopresidenteibanez.cl\/web\/wp-json\/wp\/v2\/posts\/26278\/revisions"}],"wp:featuredmedia":[{"embeddable":true,"href":"https:\/\/www.radiopresidenteibanez.cl\/web\/wp-json\/wp\/v2\/media\/26279"}],"wp:attachment":[{"href":"https:\/\/www.radiopresidenteibanez.cl\/web\/wp-json\/wp\/v2\/media?parent=26278"}],"wp:term":[{"taxonomy":"category","embeddable":true,"href":"https:\/\/www.radiopresidenteibanez.cl\/web\/wp-json\/wp\/v2\/categories?post=26278"},{"taxonomy":"post_tag","embeddable":true,"href":"https:\/\/www.radiopresidenteibanez.cl\/web\/wp-json\/wp\/v2\/tags?post=26278"}],"curies":[{"name":"wp","href":"https:\/\/api.w.org\/{rel}","templated":true}]}}