{"id":26272,"date":"2021-12-17T16:23:00","date_gmt":"2021-12-17T19:23:00","guid":{"rendered":"https:\/\/www.radiopresidenteibanez.cl\/web\/?p=26272"},"modified":"2021-12-17T11:17:10","modified_gmt":"2021-12-17T14:17:10","slug":"40-personas-terminaron-con-exito-el-curso-de-primeros-auxilios-basicos-impartido-por-el-instituto-de-seguridad-laboral","status":"publish","type":"post","link":"https:\/\/www.radiopresidenteibanez.cl\/web\/40-personas-terminaron-con-exito-el-curso-de-primeros-auxilios-basicos-impartido-por-el-instituto-de-seguridad-laboral\/","title":{"rendered":"40 PERSONAS TERMINARON CON EXITO EL CURSO DE PRIMEROS AUXILIOS BASICOS IMPARTIDO POR EL INSTITUTO DE SEGURIDAD LABORAL"},"content":{"rendered":"\n<p>Hasta las dependencias del local Central de Carnes\n(ubicado en Zona Austral) se trasladaron la Seremi del Trabajo y Previsi\u00f3n\nSocial, Victoria Cort\u00e9s Schiattino con el director del Instituto de Seguridad\nLaboral, Marcelo Trivi\u00f1o \u00c1lvarez, para dar la culminaci\u00f3n y certificaci\u00f3n a las\n40 personas que participaron en el curso \u201cPrimeros Auxilios\u201d.<\/p>\n\n\n\n<p>El curso fue impartido por el Instituto de\nSeguridad Laboral (ISL), teniendo una duraci\u00f3n de dos horas.<\/p>\n\n\n\n<p>Al respecto, el director del Instituto de\nSeguridad Laboral ISL, Marcelo Trivi\u00f1o, coment\u00f3 \u201cmediante este curso se busc\u00f3\ncapacitar y educar a los trabajadores para que sepan actuar de la mejor manera\nfrente a casos de emergencia, entreg\u00e1ndoles nociones b\u00e1sicas de primeros\nauxilios y familiariz\u00e1ndolos con ciertas tareas o cualidades que deben tener\nlas personas que van a dar respuestas ante complicaciones\u201d.<\/p>\n\n\n\n<p>En tanto, la Seremi del Trabajo y Previsi\u00f3n\nSocial, Victoria Cort\u00e9s Schiattino, agradeci\u00f3 la disposici\u00f3n y el respaldo de\nla empresa por acceder a capacitar a sus trabajadores en esta materia, ya que\nmediante su aplicaci\u00f3n las empresas pueden\ncontrolar los riesgos laborales, reducir accidentes y enfermedades\nprofesionales, generando as\u00ed ambientes de trabajo m\u00e1s saludables.\nAdem\u00e1s, coment\u00f3 \u201cestamos s\u00faper contentos con esta actividad, porque pudimos\nescuchar la opini\u00f3n de los alumnos que recibieron su certificado. Todos\nquedaron muy conformes con el resultado de la capacitaci\u00f3n\u201d.<\/p>\n\n\n\n<p>Finalmente, los participantes agradecieron\nesta capacitaci\u00f3n uno de ellos fue Jos\u00e9 Ruiz quien coment\u00f3 \u201cpareci\u00f3 super did\u00e1ctico\ny de mucho aprendizaje, ya que estoy comenzando en esta empresa por lo que me\nva a servir bastante\u201d. Otro de ellos fue Ram\u00f3n S\u00e1nchez, se\u00f1al\u00f3 que \u201cfue muy\nbueno, porque me ense\u00f1\u00f3 a c\u00f3mo evitar un accidente laboral.&nbsp; Yo soy de Venezuela y primera vez que recibo\nun curso en Chile, doy gracias a todos por haber recibido esta capacitaci\u00f3n\u201d.<\/p>\n","protected":false},"excerpt":{"rendered":"<p>Hasta las dependencias del local Central de Carnes (ubicado en Zona Austral) se trasladaron la Seremi del Trabajo y Previsi\u00f3n Social, Victoria Cort\u00e9s Schiattino con el director del Instituto de&#8230; <a class=\"read-more\" href=\"https:\/\/www.radiopresidenteibanez.cl\/web\/40-personas-terminaron-con-exito-el-curso-de-primeros-auxilios-basicos-impartido-por-el-instituto-de-seguridad-laboral\/\">Leer m\u00e1s<\/a><\/p>\n","protected":false},"author":2,"featured_media":26273,"comment_status":"closed","ping_status":"closed","sticky":false,"template":"","format":"standard","meta":{"footnotes":""},"categories":[1],"tags":[],"class_list":["post-26272","post","type-post","status-publish","format-standard","has-post-thumbnail","hentry","category-cronica"],"_links":{"self":[{"href":"https:\/\/www.radiopresidenteibanez.cl\/web\/wp-json\/wp\/v2\/posts\/26272","targetHints":{"allow":["GET"]}}],"collection":[{"href":"https:\/\/www.radiopresidenteibanez.cl\/web\/wp-json\/wp\/v2\/posts"}],"about":[{"href":"https:\/\/www.radiopresidenteibanez.cl\/web\/wp-json\/wp\/v2\/types\/post"}],"author":[{"embeddable":true,"href":"https:\/\/www.radiopresidenteibanez.cl\/web\/wp-json\/wp\/v2\/users\/2"}],"replies":[{"embeddable":true,"href":"https:\/\/www.radiopresidenteibanez.cl\/web\/wp-json\/wp\/v2\/comments?post=26272"}],"version-history":[{"count":0,"href":"https:\/\/www.radiopresidenteibanez.cl\/web\/wp-json\/wp\/v2\/posts\/26272\/revisions"}],"wp:featuredmedia":[{"embeddable":true,"href":"https:\/\/www.radiopresidenteibanez.cl\/web\/wp-json\/wp\/v2\/media\/26273"}],"wp:attachment":[{"href":"https:\/\/www.radiopresidenteibanez.cl\/web\/wp-json\/wp\/v2\/media?parent=26272"}],"wp:term":[{"taxonomy":"category","embeddable":true,"href":"https:\/\/www.radiopresidenteibanez.cl\/web\/wp-json\/wp\/v2\/categories?post=26272"},{"taxonomy":"post_tag","embeddable":true,"href":"https:\/\/www.radiopresidenteibanez.cl\/web\/wp-json\/wp\/v2\/tags?post=26272"}],"curies":[{"name":"wp","href":"https:\/\/api.w.org\/{rel}","templated":true}]}}