{"id":26266,"date":"2021-12-17T13:13:00","date_gmt":"2021-12-17T16:13:00","guid":{"rendered":"https:\/\/www.radiopresidenteibanez.cl\/web\/?p=26266"},"modified":"2021-12-17T11:04:40","modified_gmt":"2021-12-17T14:04:40","slug":"academicas-de-ingenieria-umag-instauran-premio-en-homenaje-a-la-primera-ingeniera-titulada-en-magallanes","status":"publish","type":"post","link":"https:\/\/www.radiopresidenteibanez.cl\/web\/academicas-de-ingenieria-umag-instauran-premio-en-homenaje-a-la-primera-ingeniera-titulada-en-magallanes\/","title":{"rendered":"ACADEMICAS DE INGENIERIA UMAG INSTAURAN PREMIO EN HOMENAJE A LA PRIMERA INGENIERA TITULADA EN MAGALLANES"},"content":{"rendered":"\n<p>En el contexto de una emotiva ceremonia de titulaci\u00f3n de la Facultad de Ingenier\u00eda, donde se record\u00f3 la memoria del estudiante Ignacio Parada G\u00e1lvez, a un a\u00f1o de su partida tras el accidente a\u00e9reo rumbo a la Ant\u00e1rtica, la recientemente conformada agrupaci\u00f3n \u201cAcad\u00e9micas de Ingenier\u00eda (AFI)\u201d, inaugur\u00f3 la entrega de un galard\u00f3n especial destinado a reconocer a la mejor alumna de la generaci\u00f3n que se grad\u00faa.<\/p>\n\n\n\n<p>Se trata del premio \u201cIngeniera Eliana Hern\u00e1ndez Tapia\u201d, mujer puntarenense (1926-2017) y primera ingeniera en ejecuci\u00f3n en Petroqu\u00edmica egresada de la sede de la &nbsp;Universidad T\u00e9cnica del Estado (hoy Universidad de Magallanes), cuya trayectoria marc\u00f3 un referente del quehacer de las mujeres en el sector de la Ingenier\u00eda a nivel local, destacando su tenacidad y profesionalismo en el \u00e1mbito laboral como trabajadora de la Empresa Nacional del Petr\u00f3leo (ENAP) en la d\u00e9cada de los 70\u2019.<\/p>\n\n\n\n<p>As\u00ed, y bajo la inspiraci\u00f3n de este legado dejado por la destacada profesional magall\u00e1nica, la primera distinci\u00f3n de este premio acad\u00e9mico recay\u00f3 en la titulada del a\u00f1o 2021,&nbsp;B\u00e1rbara Constanza Suazo Vel\u00e1squez, ingeniera en Construcci\u00f3n,&nbsp;quien tras subirse al escenario a recibir el reconocimiento y sorprendida por el sentido profundo del est\u00edmulo, manifest\u00f3:&nbsp;\u201ces un honor recibir este premio luego de escuchar la rese\u00f1a de la vida de do\u00f1a Eliana\u201d.<\/p>\n\n\n\n<p><strong>Semblanza<\/strong><\/p>\n\n\n\n<p>El anuncio y la entrega del galard\u00f3n estuvo a cargo de la ingeniera civil Qu\u00edmica, Mar\u00eda Luisa Ojeda Almonacid, integrante de AFI y tambi\u00e9n la primera mujer titulada de Ingenier\u00eda Civil de la de la Universidad de Magallanes; hoy acad\u00e9mica adjunta de la Facultad e ingeniera de proyectos del Centro de Estudio de los Recursos Energ\u00e9ticos (CERE).<\/p>\n\n\n\n<p>En su alocuci\u00f3n, hizo suyas las palabras de Ana Mar\u00eda Vallina H\u00e9rnandez, hija de Eliana, narrando as\u00ed una semblanza de su vida que incluy\u00f3 pasajes de su infancia, juventud y tambi\u00e9n de su historia familiar y profesional en Magallanes.<\/p>\n\n\n\n<p><em>\u201cForm\u00f3 su familia en 1945, dedic\u00e1ndose a la casa, pero siempre muy inquieta, estudiando idiomas y trabajando ocasionalmente como secretaria. Cuando su hijo Francisco empieza a ir a la UT, sede Punta Arenas y sus hijas todas en el Liceo, ella rinde la PAA e ingresa a la carrera de Ingenier\u00eda de Ejecuci\u00f3n en Petroqu\u00edmica. El comedor diario de la casa se convirti\u00f3 en una sala de estudios, con unos 15 estudiantes que iban a estudiar con Eliana pr\u00e1cticamente todos los d\u00edas, muchos de ellos de Santiago y otras partes de Chile\u201d,<\/em>&nbsp;consigna parte del discurso.<\/p>\n\n\n\n<p>El relato, de igual forma cuenta que<em>&nbsp;\u201cal titularse, empez\u00f3 la penuria de encontrar trabajo, su excelente desempe\u00f1o no era considerado para ofrecerle trabajo por sobre ingenieros hombres y adem\u00e1s j\u00f3venes. Hasta que le ofrecen trabajar en el Laboratorio en Manantiales en r\u00e9gimen 15-5, con respuesta inmediata. Obviamente acept\u00f3 (aunque todos sospechaban en su familia, que ENAP esperaba que dijera que no pod\u00eda, por su marido o los hijos). As\u00ed es, como se convierte en la primera mujer profesional asignada a trabajar en terreno en ENAP\u201d.<\/em><\/p>\n","protected":false},"excerpt":{"rendered":"<p>En el contexto de una emotiva ceremonia de titulaci\u00f3n de la Facultad de Ingenier\u00eda, donde se record\u00f3 la memoria del estudiante Ignacio Parada G\u00e1lvez, a un a\u00f1o de su partida&#8230; <a class=\"read-more\" href=\"https:\/\/www.radiopresidenteibanez.cl\/web\/academicas-de-ingenieria-umag-instauran-premio-en-homenaje-a-la-primera-ingeniera-titulada-en-magallanes\/\">Leer m\u00e1s<\/a><\/p>\n","protected":false},"author":2,"featured_media":26267,"comment_status":"closed","ping_status":"closed","sticky":false,"template":"","format":"standard","meta":{"footnotes":""},"categories":[1],"tags":[],"class_list":["post-26266","post","type-post","status-publish","format-standard","has-post-thumbnail","hentry","category-cronica"],"_links":{"self":[{"href":"https:\/\/www.radiopresidenteibanez.cl\/web\/wp-json\/wp\/v2\/posts\/26266","targetHints":{"allow":["GET"]}}],"collection":[{"href":"https:\/\/www.radiopresidenteibanez.cl\/web\/wp-json\/wp\/v2\/posts"}],"about":[{"href":"https:\/\/www.radiopresidenteibanez.cl\/web\/wp-json\/wp\/v2\/types\/post"}],"author":[{"embeddable":true,"href":"https:\/\/www.radiopresidenteibanez.cl\/web\/wp-json\/wp\/v2\/users\/2"}],"replies":[{"embeddable":true,"href":"https:\/\/www.radiopresidenteibanez.cl\/web\/wp-json\/wp\/v2\/comments?post=26266"}],"version-history":[{"count":0,"href":"https:\/\/www.radiopresidenteibanez.cl\/web\/wp-json\/wp\/v2\/posts\/26266\/revisions"}],"wp:featuredmedia":[{"embeddable":true,"href":"https:\/\/www.radiopresidenteibanez.cl\/web\/wp-json\/wp\/v2\/media\/26267"}],"wp:attachment":[{"href":"https:\/\/www.radiopresidenteibanez.cl\/web\/wp-json\/wp\/v2\/media?parent=26266"}],"wp:term":[{"taxonomy":"category","embeddable":true,"href":"https:\/\/www.radiopresidenteibanez.cl\/web\/wp-json\/wp\/v2\/categories?post=26266"},{"taxonomy":"post_tag","embeddable":true,"href":"https:\/\/www.radiopresidenteibanez.cl\/web\/wp-json\/wp\/v2\/tags?post=26266"}],"curies":[{"name":"wp","href":"https:\/\/api.w.org\/{rel}","templated":true}]}}