{"id":26251,"date":"2021-12-17T09:37:00","date_gmt":"2021-12-17T12:37:00","guid":{"rendered":"https:\/\/www.radiopresidenteibanez.cl\/web\/?p=26251"},"modified":"2021-12-17T08:39:21","modified_gmt":"2021-12-17T11:39:21","slug":"isl-y-seremi-del-trabajo-refuerzan-asesoria-y-visitas-a-empresas-para-entrega-de-elementos-de-proteccion-a-trabajadores","status":"publish","type":"post","link":"https:\/\/www.radiopresidenteibanez.cl\/web\/isl-y-seremi-del-trabajo-refuerzan-asesoria-y-visitas-a-empresas-para-entrega-de-elementos-de-proteccion-a-trabajadores\/","title":{"rendered":"ISL y SEREMI DEL TRABAJO REFUERZAN ASESORIA Y VISITAS A EMPRESAS PARA ENTREGA DE ELEMENTOS DE PROTECCION A TRABAJADORES"},"content":{"rendered":"\n<p>La Seremi del Trabajo, junto al\nInstituto de Seguridad Laboral (ISL) Magallanes, por estos d\u00edas est\u00e1n\nreforzando sus visitas a diferentes empresas, especialmente peque\u00f1as y medianas\nde la regi\u00f3n, con el objetivo de proveer un cuidado permanente a los trabajadores\nen todas las \u00e9pocas del a\u00f1o y sosteniendo la entrega de elementos de protecci\u00f3n\ncontra el Covid-19.<\/p>\n\n\n\n<p>As\u00ed lo expresaron la secretaria\nregional ministerial del Trabajo de la zona, Victoria Cort\u00e9s y el director\nregional del ISL Magallanes, Marcelo Trivi\u00f1o, durante una de las salidas a\nterreno, en la que destacaron la visita durante este a\u00f1o a m\u00e1s de 300 empresas\ny la entrega de m\u00e1s de 4 mil kits con elementos de prevenci\u00f3n personal.<\/p>\n\n\n\n<p>En palabras de Cort\u00e9s, \u201cjunto al\ndirector del ISL y parte de su equipo, en esta oportunidad, visitamos una\nempresa de la construcci\u00f3n con objeto de recordar la importancia de seguir\npreviniendo la propagaci\u00f3n del Covid-19, para lo cual continuamos repartiendo\nlos kits de seguridad a los trabajadores con elementos que hemos ido entregando\na lo largo del a\u00f1o 2020 y de este 2021 y seguiremos en esta tarea de visitar\ndistintas faenas de todos los rubros para reforzar los protocolos de seguridad\u201d.<\/p>\n\n\n\n<p>En la ejecuci\u00f3n de esta tarea, la\nSeremi junto a la mutualidad del Estado, han visitado m\u00e1s de 300 empresas de\nrubros como: Comercio, Manufactura, Construcci\u00f3n, agr\u00edcolas, de servicios,\nentre otras. As\u00ed tambi\u00e9n la asesor\u00eda y entrega de elementos a trabajadores\nindependientes, el apoyo a las trabajadoras de Casa Particular de la agrupaci\u00f3n\nAnecap Punta Arenas, entre muchos otros.<\/p>\n\n\n\n<p>Seg\u00fan expres\u00f3 Trivi\u00f1o, \u201cla idea es\ncontinuar visitando estas empresas con nuestros kits de elementos preventivos y\norientaci\u00f3n sobre su uso, as\u00ed como con las charlas y asesor\u00edas que diariamente\nrealizamos, principalmente, ahora en esta \u00e9poca en que llega el sol, reforzando\nel uso de elementos como bloqueador solar, gorros legionarios, hidrataci\u00f3n y\notros datos que son esenciales, especialmente, para los trabajadores que se\ndesempe\u00f1an a la intemperie. Adem\u00e1s, difundimos el IFE Laboral que, como se\nsabe, fue extendido, por lo que es muy importante que todo aquel nuevo\ntrabajador que haya estado cesante en el mes anterior a su nuevo contrato,\npostule a este importante beneficio\u201d.<\/p>\n","protected":false},"excerpt":{"rendered":"<p>La Seremi del Trabajo, junto al Instituto de Seguridad Laboral (ISL) Magallanes, por estos d\u00edas est\u00e1n reforzando sus visitas a diferentes empresas, especialmente peque\u00f1as y medianas de la regi\u00f3n, con&#8230; <a class=\"read-more\" href=\"https:\/\/www.radiopresidenteibanez.cl\/web\/isl-y-seremi-del-trabajo-refuerzan-asesoria-y-visitas-a-empresas-para-entrega-de-elementos-de-proteccion-a-trabajadores\/\">Leer m\u00e1s<\/a><\/p>\n","protected":false},"author":2,"featured_media":26252,"comment_status":"closed","ping_status":"closed","sticky":false,"template":"","format":"standard","meta":{"footnotes":""},"categories":[1],"tags":[],"class_list":["post-26251","post","type-post","status-publish","format-standard","has-post-thumbnail","hentry","category-cronica"],"_links":{"self":[{"href":"https:\/\/www.radiopresidenteibanez.cl\/web\/wp-json\/wp\/v2\/posts\/26251","targetHints":{"allow":["GET"]}}],"collection":[{"href":"https:\/\/www.radiopresidenteibanez.cl\/web\/wp-json\/wp\/v2\/posts"}],"about":[{"href":"https:\/\/www.radiopresidenteibanez.cl\/web\/wp-json\/wp\/v2\/types\/post"}],"author":[{"embeddable":true,"href":"https:\/\/www.radiopresidenteibanez.cl\/web\/wp-json\/wp\/v2\/users\/2"}],"replies":[{"embeddable":true,"href":"https:\/\/www.radiopresidenteibanez.cl\/web\/wp-json\/wp\/v2\/comments?post=26251"}],"version-history":[{"count":0,"href":"https:\/\/www.radiopresidenteibanez.cl\/web\/wp-json\/wp\/v2\/posts\/26251\/revisions"}],"wp:featuredmedia":[{"embeddable":true,"href":"https:\/\/www.radiopresidenteibanez.cl\/web\/wp-json\/wp\/v2\/media\/26252"}],"wp:attachment":[{"href":"https:\/\/www.radiopresidenteibanez.cl\/web\/wp-json\/wp\/v2\/media?parent=26251"}],"wp:term":[{"taxonomy":"category","embeddable":true,"href":"https:\/\/www.radiopresidenteibanez.cl\/web\/wp-json\/wp\/v2\/categories?post=26251"},{"taxonomy":"post_tag","embeddable":true,"href":"https:\/\/www.radiopresidenteibanez.cl\/web\/wp-json\/wp\/v2\/tags?post=26251"}],"curies":[{"name":"wp","href":"https:\/\/api.w.org\/{rel}","templated":true}]}}