{"id":26248,"date":"2021-12-17T08:57:00","date_gmt":"2021-12-17T11:57:00","guid":{"rendered":"https:\/\/www.radiopresidenteibanez.cl\/web\/?p=26248"},"modified":"2021-12-17T08:33:16","modified_gmt":"2021-12-17T11:33:16","slug":"pdi-desarticula-banda-criminal-que-realizaba-estafas-telefonicas-en-magallanes","status":"publish","type":"post","link":"https:\/\/www.radiopresidenteibanez.cl\/web\/pdi-desarticula-banda-criminal-que-realizaba-estafas-telefonicas-en-magallanes\/","title":{"rendered":"PDI DESARTICULA BANDA CRIMINAL QUE REALIZABA ESTAFAS TELEFONICAS EN MAGALLANES"},"content":{"rendered":"\n<p>Detectives de la\nBrigada Investigadora de Delitos Econ\u00f3micos (Bridec) Punta Arenas, de la\nPolic\u00eda de Investigaciones, lograron ubicar y detener en la regi\u00f3n de \u00d1uble y la\nregi\u00f3n del Biob\u00edo a dos integrantes de una banda criminal dedicada a efectuar\nestafas telef\u00f3nicas a decenas de v\u00edctimas a lo largo de pa\u00eds, la mayor\u00eda de\nellas en Magallanes. <\/p>\n\n\n\n<p>M\u00e1s de un a\u00f1o\ndur\u00f3 la investigaci\u00f3n y el trabajo de an\u00e1lisis criminal desarrollado por la PDI,\nen coordinaci\u00f3n con la unidad de An\u00e1lisis Criminal y Focos Investigativos de la\nFiscal\u00eda Regional de Magallanes, que permiti\u00f3 identificar a los integrantes de\nla banda criminal y dar con su paradero, a pesar que constantemente cambiaban\nde domicilio para evadir su captura.<\/p>\n\n\n\n<p>\u201cCon el fin de\ndesarticular esta estructura delictiva, detectives de la Brigada Investigadora\nde Delitos Econ\u00f3micos Punta Arenas, se trasladaron a las ciudades de Chill\u00e1n y\nLos \u00c1ngeles donde lograron la detenci\u00f3n de dos imputados: uno de ellos, identificado\ncomo el l\u00edder de la banda\u201d, se\u00f1al\u00f3 el subprefecto Daniel Medina, jefe de la\nBridec Punta Arenas. <\/p>\n\n\n\n<p>Otro imputado se\nencuentra en prisi\u00f3n preventiva, ya que en mayo de este a\u00f1o, detectives lo\ndetuvieron en la provincia de Iquique. Seg\u00fan las indagatorias, su funci\u00f3n era\nrecepcionar los dineros producto de las estafas. <\/p>\n\n\n\n<p>Sobre el modus\noperandi utilizado por la banda para cometer los delitos, el subprefecto Daniel\nMedina, indic\u00f3 que \u201cconsist\u00eda en ofrecer mediante p\u00e1ginas de Internet y a\nvalores inferiores al comercio establecido, productos como insumos agr\u00edcolas,\nrepuestos de maquinarias y contenedores. Una vez tomado contacto con los\ncompradores, solicitaban la mitad del precio del producto, el que finalmente no\nera entregado\u201d.<\/p>\n\n\n\n<p>En el marco de la\ninvestigaci\u00f3n se han establecido a la fecha m\u00e1s de 30 v\u00edctimas, tanto en\nMagallanes como en otras regiones del pa\u00eds, con un perjuicio econ\u00f3mico que\nsupera los 10 millones de pesos.<\/p>\n","protected":false},"excerpt":{"rendered":"<p>Detectives de la Brigada Investigadora de Delitos Econ\u00f3micos (Bridec) Punta Arenas, de la Polic\u00eda de Investigaciones, lograron ubicar y detener en la regi\u00f3n de \u00d1uble y la regi\u00f3n del Biob\u00edo&#8230; <a class=\"read-more\" href=\"https:\/\/www.radiopresidenteibanez.cl\/web\/pdi-desarticula-banda-criminal-que-realizaba-estafas-telefonicas-en-magallanes\/\">Leer m\u00e1s<\/a><\/p>\n","protected":false},"author":2,"featured_media":26249,"comment_status":"closed","ping_status":"closed","sticky":false,"template":"","format":"standard","meta":{"footnotes":""},"categories":[1],"tags":[],"class_list":["post-26248","post","type-post","status-publish","format-standard","has-post-thumbnail","hentry","category-cronica"],"_links":{"self":[{"href":"https:\/\/www.radiopresidenteibanez.cl\/web\/wp-json\/wp\/v2\/posts\/26248","targetHints":{"allow":["GET"]}}],"collection":[{"href":"https:\/\/www.radiopresidenteibanez.cl\/web\/wp-json\/wp\/v2\/posts"}],"about":[{"href":"https:\/\/www.radiopresidenteibanez.cl\/web\/wp-json\/wp\/v2\/types\/post"}],"author":[{"embeddable":true,"href":"https:\/\/www.radiopresidenteibanez.cl\/web\/wp-json\/wp\/v2\/users\/2"}],"replies":[{"embeddable":true,"href":"https:\/\/www.radiopresidenteibanez.cl\/web\/wp-json\/wp\/v2\/comments?post=26248"}],"version-history":[{"count":0,"href":"https:\/\/www.radiopresidenteibanez.cl\/web\/wp-json\/wp\/v2\/posts\/26248\/revisions"}],"wp:featuredmedia":[{"embeddable":true,"href":"https:\/\/www.radiopresidenteibanez.cl\/web\/wp-json\/wp\/v2\/media\/26249"}],"wp:attachment":[{"href":"https:\/\/www.radiopresidenteibanez.cl\/web\/wp-json\/wp\/v2\/media?parent=26248"}],"wp:term":[{"taxonomy":"category","embeddable":true,"href":"https:\/\/www.radiopresidenteibanez.cl\/web\/wp-json\/wp\/v2\/categories?post=26248"},{"taxonomy":"post_tag","embeddable":true,"href":"https:\/\/www.radiopresidenteibanez.cl\/web\/wp-json\/wp\/v2\/tags?post=26248"}],"curies":[{"name":"wp","href":"https:\/\/api.w.org\/{rel}","templated":true}]}}