{"id":26245,"date":"2021-12-17T08:27:03","date_gmt":"2021-12-17T11:27:03","guid":{"rendered":"https:\/\/www.radiopresidenteibanez.cl\/web\/?p=26245"},"modified":"2021-12-17T08:27:09","modified_gmt":"2021-12-17T11:27:09","slug":"delegacion-presidencial-de-magallanes-amumcia-apertura-de-fronteras-en-monte-aymond-y-dorotea","status":"publish","type":"post","link":"https:\/\/www.radiopresidenteibanez.cl\/web\/delegacion-presidencial-de-magallanes-amumcia-apertura-de-fronteras-en-monte-aymond-y-dorotea\/","title":{"rendered":"DELEGACION PRESIDENCIAL DE MAGALLANES AMUMCIA APERTURA DE FRONTERAS EN MONTE AYMOND Y DOROTEA"},"content":{"rendered":"\n<p>Monte Aymond reabrir\u00e1 el mi\u00e9rcoles 22 de diciembre y Dorotea el &nbsp;04 de enero sus fronteras a los chilenos y\nargentinos&nbsp; vacunados con el esquema\ncompleto contra el COVID-19, con lo que se pone fin al cierre decretado a ra\u00edz\nde la pandemia.<\/p>\n\n\n\n<p>As\u00ed lo anunci\u00f3 este medio d\u00eda la <strong>Delegada Presidencial Regional,\nJenniffer Rojas Garc\u00eda<\/strong>, luego de mantener una reuni\u00f3n, en compa\u00f1\u00eda del\nSeremi de Salud, Eduardo Castillo,&nbsp; donde\ninform\u00f3 de tal decisi\u00f3n a las delegadas del movimiento chileno-argentino\n\u201cQueremos ver a nuestros familiares\u201d, quienes desde hace un mes se unieron para\nsolicitar a la autoridad la apertura de los pasos fronterizos.<\/p>\n\n\n\n<p>La Delegada Presidencial expres\u00f3 que \u201cEn Magallanes\ntenemos condiciones completamente diferentes al resto del pa\u00eds, donde\nefectivamente somos pa\u00edses hermanos, donde hay mucha familia compartida entre\nChile y Argentina, y entendiendo esa necesidad, es que anunciamos que el d\u00eda 22\nde diciembre se abre el Complejo Fronterizo \u201cIntegraci\u00f3n Austral\u201d en Monte\nAymond\u201d.<\/p>\n\n\n\n<p>Dadas las\ncondiciones log\u00edsticas que se requieren, la apertura de los pasos fronterizos\nse realizar\u00e1 de manera paulatina, comenzando con \u201cIntegraci\u00f3n Austral\u201d el 22 de\ndiciembre y para continuar con el paso \u201cDorotea\u201d, el 04 de enero. \u201cEsperemos\nprontamente ir abriendo los otros pasos fronterizos, para eso hemos trabajado\narduamente con el Seremi de Salud, en conjunto con el Ministerio, para contar\ncon todas las condiciones para que las personas puedan acceder al Servicio que\ncorresponde dentro del Complejo fronterizo, tener el espacio habilitado para el\ntesteo y cumplir con todos los protocolos Covid\u201d, fundament\u00f3 la Delegada.<\/p>\n\n\n\n<p>Luego de este\ntrabajo de las autoridades regionales, a trav\u00e9s del Ministerio del Interior, de\nSalud, Canciller\u00eda, se ha logrado la coordinaci\u00f3n requerida y existe la\ndisposici\u00f3n para que chilenos y argentinos se puedan reunir en estas fiestas. <\/p>\n\n\n\n<p>El cruce de la\nfrontera de Monte Aymond podr\u00e1n hacerlo los viajeros internacionales y\nnacionales que cumplan con ciertos requisitos, como explic\u00f3 el <strong>Seremi de Salud, Eduardo Castillo<\/strong>: \u201cEn\nel caso de las personas que ingresen a Chile, para los nacionales siguen las\nmismas exigencias que conoc\u00edamos, PCR de 72 horas, la validaci\u00f3n de su vacuna\ny, adem\u00e1s, un testeo de ant\u00edgeno que vamos a realizar en el punto de ingreso.\nEn el caso de los extranjeros, de argentinos que vengan ahora a trav\u00e9s de este\npaso, van a requerir validar su \u201cPase de movilidad\u201d o el PCR de 72 horas en su\npa\u00eds de origen. Ser\u00e1n testeados tambi\u00e9n al ingreso en el punto de control y\nadem\u00e1s, deben presentar un seguro \u2013 que posea una cobertura de 30 mil d\u00f3lares &#8211;\nen el caso que tengan que requerir de atenciones Covid. Para aquellos que\nsalgan, va a depender de las exigencias que realiza Argentina, que todav\u00eda no\nlas conocemos\u201d.<\/p>\n\n\n\n<p>Finalmente,\nmencionar que hoy d\u00eda se est\u00e1 realizando la contrataci\u00f3n de personal y se est\u00e1n\nhabilitando los espacios requeridos en los puntos de frontera, con el\nequipamiento necesario para poder realizar la apertura de fronteras de manera\nordenada y eficiente. <\/p>\n","protected":false},"excerpt":{"rendered":"<p>Monte Aymond reabrir\u00e1 el mi\u00e9rcoles 22 de diciembre y Dorotea el &nbsp;04 de enero sus fronteras a los chilenos y argentinos&nbsp; vacunados con el esquema completo contra el COVID-19, con&#8230; <a class=\"read-more\" href=\"https:\/\/www.radiopresidenteibanez.cl\/web\/delegacion-presidencial-de-magallanes-amumcia-apertura-de-fronteras-en-monte-aymond-y-dorotea\/\">Leer m\u00e1s<\/a><\/p>\n","protected":false},"author":2,"featured_media":26246,"comment_status":"closed","ping_status":"closed","sticky":false,"template":"","format":"standard","meta":{"footnotes":""},"categories":[1],"tags":[],"class_list":["post-26245","post","type-post","status-publish","format-standard","has-post-thumbnail","hentry","category-cronica"],"_links":{"self":[{"href":"https:\/\/www.radiopresidenteibanez.cl\/web\/wp-json\/wp\/v2\/posts\/26245","targetHints":{"allow":["GET"]}}],"collection":[{"href":"https:\/\/www.radiopresidenteibanez.cl\/web\/wp-json\/wp\/v2\/posts"}],"about":[{"href":"https:\/\/www.radiopresidenteibanez.cl\/web\/wp-json\/wp\/v2\/types\/post"}],"author":[{"embeddable":true,"href":"https:\/\/www.radiopresidenteibanez.cl\/web\/wp-json\/wp\/v2\/users\/2"}],"replies":[{"embeddable":true,"href":"https:\/\/www.radiopresidenteibanez.cl\/web\/wp-json\/wp\/v2\/comments?post=26245"}],"version-history":[{"count":0,"href":"https:\/\/www.radiopresidenteibanez.cl\/web\/wp-json\/wp\/v2\/posts\/26245\/revisions"}],"wp:featuredmedia":[{"embeddable":true,"href":"https:\/\/www.radiopresidenteibanez.cl\/web\/wp-json\/wp\/v2\/media\/26246"}],"wp:attachment":[{"href":"https:\/\/www.radiopresidenteibanez.cl\/web\/wp-json\/wp\/v2\/media?parent=26245"}],"wp:term":[{"taxonomy":"category","embeddable":true,"href":"https:\/\/www.radiopresidenteibanez.cl\/web\/wp-json\/wp\/v2\/categories?post=26245"},{"taxonomy":"post_tag","embeddable":true,"href":"https:\/\/www.radiopresidenteibanez.cl\/web\/wp-json\/wp\/v2\/tags?post=26245"}],"curies":[{"name":"wp","href":"https:\/\/api.w.org\/{rel}","templated":true}]}}