{"id":26239,"date":"2021-12-16T16:27:00","date_gmt":"2021-12-16T19:27:00","guid":{"rendered":"https:\/\/www.radiopresidenteibanez.cl\/web\/?p=26239"},"modified":"2021-12-16T17:14:40","modified_gmt":"2021-12-16T20:14:40","slug":"direccion-de-medio-ambiente-aseo-y-ornato-se-traslada-de-oficina","status":"publish","type":"post","link":"https:\/\/www.radiopresidenteibanez.cl\/web\/direccion-de-medio-ambiente-aseo-y-ornato-se-traslada-de-oficina\/","title":{"rendered":"DIRECCI\u00d3N DE MEDIO AMBIENTE, ASEO Y ORNATO SE TRASLADA DE OFICINA"},"content":{"rendered":"\n<p>&nbsp;Este viernes 17 de diciembre la Direcci\u00f3n de Medio Ambiente, Aseo y Ornato, cerrar\u00e1 sus puertas y la atenci\u00f3n a p\u00fablico, debido al cambio de oficinas que se llevar\u00e1 a cabo. As\u00ed lo informaron desde la Municipalidad de Punta Arenas, luego de concretar los \u00faltimos detalles para el traslado.<\/p>\n\n\n\n<p>La nueva ubicaci\u00f3n es calle Sarmiento esquina Lautaro Navarro, lugar que a partir del lunes 20 de diciembre ya estar\u00e1 operativo y apto para albergar la Direcci\u00f3n de Medio Ambiente, Tenencia Responsable, Proyectos vinculados, adem\u00e1s de la Unidad de Aseo y Ornato del municipio (<a href=\"mailto:unidadmedioambiente@e-puntaarenas.cl\" target=\"_blank\" rel=\"noreferrer noopener\">unidadmedioambiente@e-puntaarenas.cl<\/a>).<\/p>\n\n\n\n<p>El correo de contacto con la direcci\u00f3n de Aseo Ornato es&nbsp;<a href=\"mailto:directoradaocc@e-puntaarenas.cl\" target=\"_blank\" rel=\"noreferrer noopener\">directoradaocc@e-puntaarenas.cl<\/a>&nbsp;y el tel\u00e9fono habilitado para ello es el (61) 2200308. En tanto, para Tenencia Responsable te puedes comunicar al correo&nbsp;<a href=\"mailto:veterinario@e-puntaarenas.cl\" target=\"_blank\" rel=\"noreferrer noopener\">veterinario@e-puntaarenas.cl<\/a><\/p>\n\n\n\n<p>Mientras que el Departamento de Alumbrado P\u00fablico, se mantendr\u00e1 en calle Jos\u00e9 Men\u00e9ndez 1129, y su correo de contacto es&nbsp;<a href=\"mailto:alumbradopublico@e-puntaarenas.cl\" target=\"_blank\" rel=\"noreferrer noopener\">alumbradopublico@e-puntaarenas.cl<\/a>&nbsp;<\/p>\n\n\n\n<p>Finalmente, las autoridades locales, recalcaron que el d\u00eda viernes 17 de diciembre las oficinas permanecer\u00e1n cerradas producto del cambio, y que la atenci\u00f3n a p\u00fablico se retomar\u00e1 el d\u00eda lunes 20 de diciembre.&nbsp;MESA CENTRAL MUNICIPAL (61) 200 500 y web&nbsp;<a href=\"https:\/\/www.puntaarenas.cl\/\" target=\"_blank\" rel=\"noreferrer noopener\">https:\/\/www.puntaarenas.cl\/<\/a><br><\/p>\n","protected":false},"excerpt":{"rendered":"<p>&nbsp;Este viernes 17 de diciembre la Direcci\u00f3n de Medio Ambiente, Aseo y Ornato, cerrar\u00e1 sus puertas y la atenci\u00f3n a p\u00fablico, debido al cambio de oficinas que se llevar\u00e1 a&#8230; <a class=\"read-more\" href=\"https:\/\/www.radiopresidenteibanez.cl\/web\/direccion-de-medio-ambiente-aseo-y-ornato-se-traslada-de-oficina\/\">Leer m\u00e1s<\/a><\/p>\n","protected":false},"author":2,"featured_media":26240,"comment_status":"closed","ping_status":"closed","sticky":false,"template":"","format":"standard","meta":{"footnotes":""},"categories":[1],"tags":[],"class_list":["post-26239","post","type-post","status-publish","format-standard","has-post-thumbnail","hentry","category-cronica"],"_links":{"self":[{"href":"https:\/\/www.radiopresidenteibanez.cl\/web\/wp-json\/wp\/v2\/posts\/26239","targetHints":{"allow":["GET"]}}],"collection":[{"href":"https:\/\/www.radiopresidenteibanez.cl\/web\/wp-json\/wp\/v2\/posts"}],"about":[{"href":"https:\/\/www.radiopresidenteibanez.cl\/web\/wp-json\/wp\/v2\/types\/post"}],"author":[{"embeddable":true,"href":"https:\/\/www.radiopresidenteibanez.cl\/web\/wp-json\/wp\/v2\/users\/2"}],"replies":[{"embeddable":true,"href":"https:\/\/www.radiopresidenteibanez.cl\/web\/wp-json\/wp\/v2\/comments?post=26239"}],"version-history":[{"count":0,"href":"https:\/\/www.radiopresidenteibanez.cl\/web\/wp-json\/wp\/v2\/posts\/26239\/revisions"}],"wp:featuredmedia":[{"embeddable":true,"href":"https:\/\/www.radiopresidenteibanez.cl\/web\/wp-json\/wp\/v2\/media\/26240"}],"wp:attachment":[{"href":"https:\/\/www.radiopresidenteibanez.cl\/web\/wp-json\/wp\/v2\/media?parent=26239"}],"wp:term":[{"taxonomy":"category","embeddable":true,"href":"https:\/\/www.radiopresidenteibanez.cl\/web\/wp-json\/wp\/v2\/categories?post=26239"},{"taxonomy":"post_tag","embeddable":true,"href":"https:\/\/www.radiopresidenteibanez.cl\/web\/wp-json\/wp\/v2\/tags?post=26239"}],"curies":[{"name":"wp","href":"https:\/\/api.w.org\/{rel}","templated":true}]}}