{"id":26227,"date":"2021-12-16T11:41:54","date_gmt":"2021-12-16T14:41:54","guid":{"rendered":"https:\/\/www.radiopresidenteibanez.cl\/web\/?p=26227"},"modified":"2021-12-16T11:41:59","modified_gmt":"2021-12-16T14:41:59","slug":"leon-gieco-en-el-ultimo-tren-a-casa","status":"publish","type":"post","link":"https:\/\/www.radiopresidenteibanez.cl\/web\/leon-gieco-en-el-ultimo-tren-a-casa\/","title":{"rendered":"LE\u00d3N GIECO EN  EL \u00daLTIMO TREN A CASA"},"content":{"rendered":"\n<p>\n\nEste viernes 19 hrs. en el programa&nbsp;<em><strong>\u00abEl \u00faltimo tren a casa\u00bb<\/strong><\/em>&nbsp;que produce el Colectivo Aczi\u00f3n Kultural&nbsp; y&nbsp; que conduce Pedro Guichapany en Radio Presidente Ib\u00e1\u00f1ez presenta una edici\u00f3n dedicada al cantautor argentino&nbsp;<strong>Le\u00f3n Gieco<\/strong>&nbsp;quien cumpli\u00f3 hace unos d\u00edas 70 a\u00f1os de edad.Ra\u00fal Alberto Antonio Gieco&nbsp; \u00abLe\u00f3n Gieco\u00bb, naci\u00f3 el 20 de noviembre de 1951 en Ca\u00f1ada, Rosqu\u00edn. Se ha caracterizado por mezclar el folclore y el rock junto al tema social y pol\u00edtico defendiendo los derechos humanos, los campesinos y los pueblos originarios, el apoyo a los discapacitados y la solidaridad con los marginados.Para celebrar este cumplea\u00f1os de Le\u00f3n Gieco se dar\u00e1 a conocer un gran concierto que incluye sus grandes \u00e9xitos como&nbsp; &nbsp;<em>\u00abHombres de Hierro\u00bb, \u00abLa Navidad de Luis\u00bb, \u00abBajaste del Norte\u00bb, \u00abLos Salieris de Charly\u00bb, \u00abLa Cultura es la Sonrisa\u00bb, \u00abEl Fantasma de Canterville\u00bb, \u00abSolo le pido a Dios\u00bb, \u00abEl Imb\u00e9cil\u00bb, \u00abBajo el Sol de Bogot\u00e1\u00bb, \u00abPensar en Nada\u00bb<\/em>, entre otros.\n\n<\/p>\n","protected":false},"excerpt":{"rendered":"<p>Este viernes 19 hrs. en el programa&nbsp;\u00abEl \u00faltimo tren a casa\u00bb&nbsp;que produce el Colectivo Aczi\u00f3n Kultural&nbsp; y&nbsp; que conduce Pedro Guichapany en Radio Presidente Ib\u00e1\u00f1ez presenta una edici\u00f3n dedicada al&#8230; <a class=\"read-more\" href=\"https:\/\/www.radiopresidenteibanez.cl\/web\/leon-gieco-en-el-ultimo-tren-a-casa\/\">Leer m\u00e1s<\/a><\/p>\n","protected":false},"author":2,"featured_media":26228,"comment_status":"closed","ping_status":"closed","sticky":false,"template":"","format":"standard","meta":{"footnotes":""},"categories":[1],"tags":[],"class_list":["post-26227","post","type-post","status-publish","format-standard","has-post-thumbnail","hentry","category-cronica"],"_links":{"self":[{"href":"https:\/\/www.radiopresidenteibanez.cl\/web\/wp-json\/wp\/v2\/posts\/26227","targetHints":{"allow":["GET"]}}],"collection":[{"href":"https:\/\/www.radiopresidenteibanez.cl\/web\/wp-json\/wp\/v2\/posts"}],"about":[{"href":"https:\/\/www.radiopresidenteibanez.cl\/web\/wp-json\/wp\/v2\/types\/post"}],"author":[{"embeddable":true,"href":"https:\/\/www.radiopresidenteibanez.cl\/web\/wp-json\/wp\/v2\/users\/2"}],"replies":[{"embeddable":true,"href":"https:\/\/www.radiopresidenteibanez.cl\/web\/wp-json\/wp\/v2\/comments?post=26227"}],"version-history":[{"count":0,"href":"https:\/\/www.radiopresidenteibanez.cl\/web\/wp-json\/wp\/v2\/posts\/26227\/revisions"}],"wp:featuredmedia":[{"embeddable":true,"href":"https:\/\/www.radiopresidenteibanez.cl\/web\/wp-json\/wp\/v2\/media\/26228"}],"wp:attachment":[{"href":"https:\/\/www.radiopresidenteibanez.cl\/web\/wp-json\/wp\/v2\/media?parent=26227"}],"wp:term":[{"taxonomy":"category","embeddable":true,"href":"https:\/\/www.radiopresidenteibanez.cl\/web\/wp-json\/wp\/v2\/categories?post=26227"},{"taxonomy":"post_tag","embeddable":true,"href":"https:\/\/www.radiopresidenteibanez.cl\/web\/wp-json\/wp\/v2\/tags?post=26227"}],"curies":[{"name":"wp","href":"https:\/\/api.w.org\/{rel}","templated":true}]}}