{"id":26178,"date":"2021-12-15T09:11:00","date_gmt":"2021-12-15T12:11:00","guid":{"rendered":"https:\/\/www.radiopresidenteibanez.cl\/web\/?p=26178"},"modified":"2021-12-15T08:53:11","modified_gmt":"2021-12-15T11:53:11","slug":"directora-de-sercotec-se-reunio-con-la-alcaldesa-de-puerto-natales-para-una-posible-implementacion-de-ferias-libres","status":"publish","type":"post","link":"https:\/\/www.radiopresidenteibanez.cl\/web\/directora-de-sercotec-se-reunio-con-la-alcaldesa-de-puerto-natales-para-una-posible-implementacion-de-ferias-libres\/","title":{"rendered":"DIRECTORA DE SERCOTEC SE REUNI\u00d3 CON LA ALCALDESA DE PUERTO NATALES PARA UNA POSIBLE IMPLEMENTACI\u00d3N DE FERIAS LIBRES"},"content":{"rendered":"\n<p>Durante la jornada de esta ma\u00f1ana, la\ndirectora del Servicio de Cooperaci\u00f3n T\u00e9cnica, Mar\u00eda Soledad Solo de Zald\u00edvar,\nse reuni\u00f3 con la alcaldesa de la Ilustre Municipalidad de Puerto Natales,\nAntonieta Oyarzo, para ver la posibilidad de ejecutar el programa de Sercotec,\nFerias Libres, en la ciudad de Puerto Natales. \u201cQueremos que el programa Ferias Libres -el cual es a nivel a\nnacional- se acomode a las necesidades de la regi\u00f3n. Esta Feria Libre ser\u00eda la\nm\u00e1s austral de Chile\u201d, dijo la directora de Sercotec. &nbsp;<\/p>\n\n\n\n<p>\u201cAqu\u00ed estamos\ndando el paso cero, viendo la posibilidad de articularnos para la\nimplementaci\u00f3n de Ferias Libres en la provincia de \u00daltima Esperanza. Este\nprograma es un subsidio no reembolsable, orientado a fortalecer la\nmodernizaci\u00f3n, la asociatividad, la gesti\u00f3n e innovaci\u00f3n de las ferias,\nhaci\u00e9ndolas m\u00e1s atractivas y competitivas\u201d, coment\u00f3 Mar\u00eda Soledad Solo de\nZald\u00edvar al finalizar la reuni\u00f3n. <\/p>\n\n\n\n<p>Los objetivos\ndel programa son fortalecer la organizaci\u00f3n y cohesi\u00f3n de la feria y su modelo\nde gesti\u00f3n; potenciar habilidades dirigenciales y de liderazgo; mejorar los\nconocimientos y experiencias comerciales. Adem\u00e1s, \u201cfortalecer la imagen\ncomercial de la feria y su comunicaci\u00f3n, formar nuevos canales de\ncomercializaci\u00f3n virtual y de distribuci\u00f3n, pero, sobre todo, queremos\nreactivar la econom\u00eda mediante acciones de dinamizaci\u00f3n comercial\u201d, concluy\u00f3 la\nautoridad regional de Sercotec.<\/p>\n\n\n\n<p>Uno de los requisitos de admisibilidad del\nprograma es acreditar la ordenanza municipal que determina deberes y derechos\ndel funcionamiento de las ferias, en este caso de la comuna de Puerto Natales.\n\u201cLa idea es que la alcaldesa nos ayude a dar personalidad jur\u00eddica como\norganizaci\u00f3n a peque\u00f1os empresarios que entreguen servicios y\/o productos a la\ncomunidad. Entonces la municipalidad es quien se encarga de entregar el permiso\nde uso p\u00fablico en la calle\u201d, dijo Solo de Zald\u00edvar. <\/p>\n\n\n\n<p>\u201cEsperemos\nque todo salga bien, y que les entreguemos nuevamente otro espacio de comercializaci\u00f3n\na nuestros micros y peque\u00f1os empresarios\u00bb, termin\u00f3 la directora regional\nde Sercotec. <\/p>\n","protected":false},"excerpt":{"rendered":"<p>Durante la jornada de esta ma\u00f1ana, la directora del Servicio de Cooperaci\u00f3n T\u00e9cnica, Mar\u00eda Soledad Solo de Zald\u00edvar, se reuni\u00f3 con la alcaldesa de la Ilustre Municipalidad de Puerto Natales,&#8230; <a class=\"read-more\" href=\"https:\/\/www.radiopresidenteibanez.cl\/web\/directora-de-sercotec-se-reunio-con-la-alcaldesa-de-puerto-natales-para-una-posible-implementacion-de-ferias-libres\/\">Leer m\u00e1s<\/a><\/p>\n","protected":false},"author":2,"featured_media":26179,"comment_status":"closed","ping_status":"closed","sticky":false,"template":"","format":"standard","meta":{"footnotes":""},"categories":[1],"tags":[],"class_list":["post-26178","post","type-post","status-publish","format-standard","has-post-thumbnail","hentry","category-cronica"],"_links":{"self":[{"href":"https:\/\/www.radiopresidenteibanez.cl\/web\/wp-json\/wp\/v2\/posts\/26178","targetHints":{"allow":["GET"]}}],"collection":[{"href":"https:\/\/www.radiopresidenteibanez.cl\/web\/wp-json\/wp\/v2\/posts"}],"about":[{"href":"https:\/\/www.radiopresidenteibanez.cl\/web\/wp-json\/wp\/v2\/types\/post"}],"author":[{"embeddable":true,"href":"https:\/\/www.radiopresidenteibanez.cl\/web\/wp-json\/wp\/v2\/users\/2"}],"replies":[{"embeddable":true,"href":"https:\/\/www.radiopresidenteibanez.cl\/web\/wp-json\/wp\/v2\/comments?post=26178"}],"version-history":[{"count":0,"href":"https:\/\/www.radiopresidenteibanez.cl\/web\/wp-json\/wp\/v2\/posts\/26178\/revisions"}],"wp:featuredmedia":[{"embeddable":true,"href":"https:\/\/www.radiopresidenteibanez.cl\/web\/wp-json\/wp\/v2\/media\/26179"}],"wp:attachment":[{"href":"https:\/\/www.radiopresidenteibanez.cl\/web\/wp-json\/wp\/v2\/media?parent=26178"}],"wp:term":[{"taxonomy":"category","embeddable":true,"href":"https:\/\/www.radiopresidenteibanez.cl\/web\/wp-json\/wp\/v2\/categories?post=26178"},{"taxonomy":"post_tag","embeddable":true,"href":"https:\/\/www.radiopresidenteibanez.cl\/web\/wp-json\/wp\/v2\/tags?post=26178"}],"curies":[{"name":"wp","href":"https:\/\/api.w.org\/{rel}","templated":true}]}}