{"id":2601,"date":"2019-03-24T14:45:16","date_gmt":"2019-03-24T14:45:16","guid":{"rendered":"http:\/\/www.radiopresidenteibanez.cl\/web\/?p=2601"},"modified":"2019-03-24T14:45:36","modified_gmt":"2019-03-24T14:45:36","slug":"con-cerca-de-2-mil-personas-culmino-la-temporada-2018-2019-de-las-ferias-saludables","status":"publish","type":"post","link":"https:\/\/www.radiopresidenteibanez.cl\/web\/con-cerca-de-2-mil-personas-culmino-la-temporada-2018-2019-de-las-ferias-saludables\/","title":{"rendered":"CON CERCA DE 2 MIL PERSONAS CULMIN\u00d3 LA TEMPORADA 2018 \u2013 2019 DE LAS FERIAS SALUDABLES"},"content":{"rendered":"\n<p>A partir de las 10 de la ma\u00f1ana, cientos de puntarenenses comenzaron a llegar hasta la calle Magallanes, para obtener diversos productos locales en los 30 stands instalados para ello, en la \u00faltima Feria Saludable de la temporada desarrollada en el INSUCO.<\/p>\n\n\n\n<p>En total, cerca de 2 mil personas en la actividad impulsada por el Municipio, y alrededor de 15 visitantes en las 8 Ferias que se realizaron en la temporada, fue el balance entregado por el alcalde Claudio Radonich al t\u00e9rmino de la jornada.<\/p>\n\n\n\n<p>\u201c15 mil personas estuvieron en nuestras Ferias, se convirti\u00f3 en una tradici\u00f3n, por lo que estamos muy contentos, tenemos muy buenos productores quienes han generado, junto a nosotros, este espacio para el comercio justo\u201d, explic\u00f3 Radonich.<\/p>\n\n\n\n<p>\u201cHa sido una jornada exitosa, en la que hemos podido compartir y disfrutar de lo mejor de nuestro. Cada vez, tenemos m\u00e1s p\u00fablico en nuestras Ferias, las que han sido apreciadas y valorada por la comunidad, por lo que esperamos poder extender una fecha adicional a fines de abril\u201d, concluy\u00f3 la autoridad comunal.<\/p>\n\n\n\n<p>Finalmente, el Alcalde valor\u00f3 el \u00e9xito de las Ferias, y dijo estar muy agradecido de los productores, de los vecinos que nos han privilegiado y tambi\u00e9n de los funcionarios municipales que se han comprometido con esta linda iniciativa.<\/p>\n\n\n\n<ul class=\"wp-block-gallery columns-2 is-cropped wp-block-gallery-1 is-layout-flex wp-block-gallery-is-layout-flex\"><li class=\"blocks-gallery-item\"><figure><img loading=\"lazy\" decoding=\"async\" width=\"900\" height=\"600\" src=\"https:\/\/www.radiopresidenteibanez.cl\/web\/wp-content\/uploads\/2019\/03\/20190323122603_IMG_0154.jpg\" alt=\"\" data-id=\"2602\" data-link=\"https:\/\/www.radiopresidenteibanez.cl\/web\/?attachment_id=2602\" class=\"wp-image-2602\" srcset=\"https:\/\/www.radiopresidenteibanez.cl\/web\/wp-content\/uploads\/2019\/03\/20190323122603_IMG_0154.jpg 900w, https:\/\/www.radiopresidenteibanez.cl\/web\/wp-content\/uploads\/2019\/03\/20190323122603_IMG_0154-300x200.jpg 300w, https:\/\/www.radiopresidenteibanez.cl\/web\/wp-content\/uploads\/2019\/03\/20190323122603_IMG_0154-768x512.jpg 768w\" sizes=\"auto, (max-width: 900px) 100vw, 900px\" \/><\/figure><\/li><li class=\"blocks-gallery-item\"><figure><img loading=\"lazy\" decoding=\"async\" width=\"1024\" height=\"512\" src=\"https:\/\/www.radiopresidenteibanez.cl\/web\/wp-content\/uploads\/2019\/03\/IMG_20190323_123952-1024x512.jpg\" alt=\"\" data-id=\"2603\" data-link=\"https:\/\/www.radiopresidenteibanez.cl\/web\/?attachment_id=2603\" class=\"wp-image-2603\" srcset=\"https:\/\/www.radiopresidenteibanez.cl\/web\/wp-content\/uploads\/2019\/03\/IMG_20190323_123952.jpg 1024w, https:\/\/www.radiopresidenteibanez.cl\/web\/wp-content\/uploads\/2019\/03\/IMG_20190323_123952-300x150.jpg 300w, https:\/\/www.radiopresidenteibanez.cl\/web\/wp-content\/uploads\/2019\/03\/IMG_20190323_123952-768x384.jpg 768w\" sizes=\"auto, (max-width: 1024px) 100vw, 1024px\" \/><figcaption>cof<\/figcaption><\/figure><\/li><\/ul>\n","protected":false},"excerpt":{"rendered":"<p>A partir de las 10 de la ma\u00f1ana, cientos de puntarenenses comenzaron a llegar hasta la calle Magallanes, para obtener diversos productos locales en los 30 stands instalados para ello,&#8230; <a class=\"read-more\" href=\"https:\/\/www.radiopresidenteibanez.cl\/web\/con-cerca-de-2-mil-personas-culmino-la-temporada-2018-2019-de-las-ferias-saludables\/\">Leer m\u00e1s<\/a><\/p>\n","protected":false},"author":2,"featured_media":2603,"comment_status":"closed","ping_status":"closed","sticky":false,"template":"","format":"standard","meta":{"footnotes":""},"categories":[1],"tags":[],"class_list":["post-2601","post","type-post","status-publish","format-standard","has-post-thumbnail","hentry","category-cronica"],"_links":{"self":[{"href":"https:\/\/www.radiopresidenteibanez.cl\/web\/wp-json\/wp\/v2\/posts\/2601","targetHints":{"allow":["GET"]}}],"collection":[{"href":"https:\/\/www.radiopresidenteibanez.cl\/web\/wp-json\/wp\/v2\/posts"}],"about":[{"href":"https:\/\/www.radiopresidenteibanez.cl\/web\/wp-json\/wp\/v2\/types\/post"}],"author":[{"embeddable":true,"href":"https:\/\/www.radiopresidenteibanez.cl\/web\/wp-json\/wp\/v2\/users\/2"}],"replies":[{"embeddable":true,"href":"https:\/\/www.radiopresidenteibanez.cl\/web\/wp-json\/wp\/v2\/comments?post=2601"}],"version-history":[{"count":0,"href":"https:\/\/www.radiopresidenteibanez.cl\/web\/wp-json\/wp\/v2\/posts\/2601\/revisions"}],"wp:featuredmedia":[{"embeddable":true,"href":"https:\/\/www.radiopresidenteibanez.cl\/web\/wp-json\/wp\/v2\/media\/2603"}],"wp:attachment":[{"href":"https:\/\/www.radiopresidenteibanez.cl\/web\/wp-json\/wp\/v2\/media?parent=2601"}],"wp:term":[{"taxonomy":"category","embeddable":true,"href":"https:\/\/www.radiopresidenteibanez.cl\/web\/wp-json\/wp\/v2\/categories?post=2601"},{"taxonomy":"post_tag","embeddable":true,"href":"https:\/\/www.radiopresidenteibanez.cl\/web\/wp-json\/wp\/v2\/tags?post=2601"}],"curies":[{"name":"wp","href":"https:\/\/api.w.org\/{rel}","templated":true}]}}