{"id":2598,"date":"2019-03-24T00:12:41","date_gmt":"2019-03-24T00:12:41","guid":{"rendered":"http:\/\/www.radiopresidenteibanez.cl\/web\/?p=2598"},"modified":"2019-03-24T00:13:21","modified_gmt":"2019-03-24T00:13:21","slug":"director-del-servicio-de-salud-magallanes-visito-ultima-esperanza","status":"publish","type":"post","link":"https:\/\/www.radiopresidenteibanez.cl\/web\/director-del-servicio-de-salud-magallanes-visito-ultima-esperanza\/","title":{"rendered":"DIRECTOR DEL SERVICIO DE SALUD MAGALLANES VISIT\u00d3 \u00daLTIMA ESPERANZA"},"content":{"rendered":"\n<p>Hasta Puerto Natales, este jueves\n21 de marzo, lleg\u00f3 el Director del Servicio de Salud Magallanes, Nelson Reyes\nSilva, acompa\u00f1ada de la Subdirectora del SSM, Dra. Isabel Iduya, jornada que se\ninici\u00f3 con un saludo protocolar a la Gobernadora de la Provincia de \u00daltima\nEsperanza, Ana Mayorga Bahamonde, con quien abord\u00f3 diversos temas de inter\u00e9s\npara la comunidad, considerando el programa de fortalecimiento especialistas a\nhospitales provinciales y la atenci\u00f3n primaria de la provincia.<\/p>\n\n\n\n<p>&nbsp;&nbsp;&nbsp;&nbsp;&nbsp;&nbsp;&nbsp;&nbsp;&nbsp;&nbsp;&nbsp;&nbsp;&nbsp; Posteriormente\nse traslad\u00f3 al Hospital Dr. Augusto Essmann Burgo, para reunirse con el equipo\ndirectivo del establecimiento de salud, para despu\u00e9s participar de una reuni\u00f3n\nampliada con la comunidad hospitalaria y culminar con reuniones con el Consejo\nConsultivo y gremiales junto a dirigentes de FENATS, FENPRUS y ASENF.<\/p>\n\n\n\n<p>&nbsp;&nbsp;&nbsp;&nbsp;&nbsp;&nbsp;&nbsp;&nbsp;&nbsp;&nbsp;&nbsp;&nbsp;&nbsp; En\nrelaci\u00f3n a la jornada desarrollada, el Director coment\u00f3: \u201cesta visita consider\u00f3\ntodo un d\u00eda de trabajo en terreno en la zona, con el objetivo de conocer todos\nlos problemas y adem\u00e1s crear espacios de conversaci\u00f3n, tanto con autoridades,\ncomunidad y funcionarios. Este es un recinto nuevo, con infraestructura de\nprimera calidad, pero esta infraestructura es importante ofrecerla a la\ncomunidad con buenos especialistas, con un buen y comprometido personal, y en\neso vamos a trabajar\u201d. <\/p>\n\n\n\n<p>&nbsp;&nbsp;&nbsp;&nbsp;&nbsp;&nbsp;&nbsp;&nbsp;&nbsp;&nbsp;&nbsp;&nbsp;&nbsp; Asimismo,\nrespecto a los cargos directivos del establecimiento hospitalario a seleccionar\npor el sistema de Alta Direcci\u00f3n P\u00fablica el directivo asegur\u00f3 que:\n\u201cpr\u00f3ximamente se realizar\u00e1n los concursos que le permitir\u00e1n a los\nestablecimientos de salud tener autoridades estables. Primero ser\u00e1n llamados\nlos cargos del Hospital Cl\u00ednico de Magallanes y posteriormente los de Natales\u201d.\n<\/p>\n\n\n\n<p>&nbsp;&nbsp;&nbsp;&nbsp;&nbsp;&nbsp;&nbsp;&nbsp;&nbsp;&nbsp;&nbsp;&nbsp;&nbsp; Por\nsu parte, el Director(s) del Hospital Dr. Augusto Essmann Burgos, Manuel\nHern\u00e1ndez Barr\u00eda, destac\u00f3 la jornada y dijo: \u201cha sido una muy fruct\u00edfera, donde\ntanto el equipo directivo, como funcionarios y gremios desarrollaron reuniones\npara iniciar el trabajo conjunto. Como recinto queremos darle a bienvenida al\nnuevo directivo y agradecemos su disposici\u00f3n en apoyar y trabajar para procurar\nla mejor atenci\u00f3n a nuestra comunidad\u201d. <\/p>\n","protected":false},"excerpt":{"rendered":"<p>Hasta Puerto Natales, este jueves 21 de marzo, lleg\u00f3 el Director del Servicio de Salud Magallanes, Nelson Reyes Silva, acompa\u00f1ada de la Subdirectora del SSM, Dra. Isabel Iduya, jornada que&#8230; <a class=\"read-more\" href=\"https:\/\/www.radiopresidenteibanez.cl\/web\/director-del-servicio-de-salud-magallanes-visito-ultima-esperanza\/\">Leer m\u00e1s<\/a><\/p>\n","protected":false},"author":2,"featured_media":2599,"comment_status":"closed","ping_status":"closed","sticky":false,"template":"","format":"standard","meta":{"footnotes":""},"categories":[1],"tags":[],"class_list":["post-2598","post","type-post","status-publish","format-standard","has-post-thumbnail","hentry","category-cronica"],"_links":{"self":[{"href":"https:\/\/www.radiopresidenteibanez.cl\/web\/wp-json\/wp\/v2\/posts\/2598","targetHints":{"allow":["GET"]}}],"collection":[{"href":"https:\/\/www.radiopresidenteibanez.cl\/web\/wp-json\/wp\/v2\/posts"}],"about":[{"href":"https:\/\/www.radiopresidenteibanez.cl\/web\/wp-json\/wp\/v2\/types\/post"}],"author":[{"embeddable":true,"href":"https:\/\/www.radiopresidenteibanez.cl\/web\/wp-json\/wp\/v2\/users\/2"}],"replies":[{"embeddable":true,"href":"https:\/\/www.radiopresidenteibanez.cl\/web\/wp-json\/wp\/v2\/comments?post=2598"}],"version-history":[{"count":0,"href":"https:\/\/www.radiopresidenteibanez.cl\/web\/wp-json\/wp\/v2\/posts\/2598\/revisions"}],"wp:featuredmedia":[{"embeddable":true,"href":"https:\/\/www.radiopresidenteibanez.cl\/web\/wp-json\/wp\/v2\/media\/2599"}],"wp:attachment":[{"href":"https:\/\/www.radiopresidenteibanez.cl\/web\/wp-json\/wp\/v2\/media?parent=2598"}],"wp:term":[{"taxonomy":"category","embeddable":true,"href":"https:\/\/www.radiopresidenteibanez.cl\/web\/wp-json\/wp\/v2\/categories?post=2598"},{"taxonomy":"post_tag","embeddable":true,"href":"https:\/\/www.radiopresidenteibanez.cl\/web\/wp-json\/wp\/v2\/tags?post=2598"}],"curies":[{"name":"wp","href":"https:\/\/api.w.org\/{rel}","templated":true}]}}