{"id":2595,"date":"2019-03-24T00:07:27","date_gmt":"2019-03-24T00:07:27","guid":{"rendered":"http:\/\/www.radiopresidenteibanez.cl\/web\/?p=2595"},"modified":"2019-03-24T00:08:03","modified_gmt":"2019-03-24T00:08:03","slug":"gestores-y-agrupaciones-culturales-dialogaron-sobre-necesidad-de-contar-con-un-centro-cultural-para-natales","status":"publish","type":"post","link":"https:\/\/www.radiopresidenteibanez.cl\/web\/gestores-y-agrupaciones-culturales-dialogaron-sobre-necesidad-de-contar-con-un-centro-cultural-para-natales\/","title":{"rendered":"GESTORES Y AGRUPACIONES CULTURALES DIALOGARON SOBRE NECESIDAD DE CONTAR CON UN CENTRO CULTURAL PARA NATALES"},"content":{"rendered":"\n<p>En las instalaciones\nde la biblioteca p\u00fablica comunal, la Municipalidad de Natales&nbsp; y la Corporaci\u00f3n de Cultura, Turismo y\nPatrimonio convocaron a todas las agrupaciones y gestores culturales de Natales,\ncon el fin de informar las acciones que se est\u00e1n tomando para realzar la\ncultura en la comuna y qu\u00e9 lineamientos usar\u00e1 la municipalidad para poder\nobtener el anhelado centro cultural.<\/p>\n\n\n\n<p>La reuni\u00f3n\nparticipativa cont\u00f3 con una presentaci\u00f3n del director ejecutivo de dicha corporaci\u00f3n.\nAl encuentro asistieron m\u00e1s de 35 agrupaciones y alrededor de 20 gestores\nligados a la cultura, totalizando cerca de un centenar de personas en el lugar.&nbsp; <\/p>\n\n\n\n<p>Para el\nAlcalde de Natales, Fernando Paredes Mansilla, la gran cantidad de personas que\nquedaron de pie al momento de realizar la reuni\u00f3n en la biblioteca municipal,\ndemuestra \u201cla necesidad y disposici\u00f3n que tienen los distintos gestores\nculturales de poder sentirse considerados y escuchados\u201d, manifestando que la\ncreaci\u00f3n de un centro cultural es un clamor popular entre el mundo de la\ncultura natalina. En la reuni\u00f3n, el edil adquiri\u00f3 un compromiso. \u201cEn el mes de\nabril, vamos a generar mesas de trabajo porque nos interesa que toda la gente,\ntodos los gestores culturales se sientan tomados en cuenta, se sientan\nescuchados y tambi\u00e9n se sientan considerados. La \u00fanica forma de captar todas\nestas sensibilidades culturales es a trav\u00e9s de la formaci\u00f3n de mesas de trabajo\nde una manera seria, responsable y planificada, con el fin de empezar a fijar\ncual es la carta de navegaci\u00f3n\u201d, expres\u00f3.<\/p>\n\n\n\n<p>En la misma\nl\u00ednea, Daniel Rebolledo, gestor cultural de la corporaci\u00f3n, destac\u00f3 que \u201cfue\nuna invitaci\u00f3n que gener\u00f3 frutos, que gener\u00f3 un lleno total en este lugar con\nmuchas personas, muchos gestores, coordinadores culturales interesados en ser\nparte, opinar y traer sus ideas. Adem\u00e1s de enterarse de que se trata esta\nCorporaci\u00f3n de Cultura, Turismo y Patrimonio y tambi\u00e9n, lo que busca el\nproyecto del espacio cultural\u201d, agregando que la gente de Natales genera muchas\ninstancias culturales, pero \u201csi no tenemos un ambiente que nos permita poder\naumentar la calidad de lo que nosotros entregamos, bien dif\u00edcil va a ser que\npodamos subir nuestros est\u00e1ndares. Por lo tanto para m\u00ed, la generaci\u00f3n de un\nespacio como este, nos va a transformar la vida, porque finalmente la cultura\nes la que a nosotros nos caracteriza como pueblo\u201d. <\/p>\n\n\n\n<p>El Director Ejecutivo de la Corporaci\u00f3n de Cultura, Alejandro Sobarzo, subray\u00f3 que la reuni\u00f3n tuvo frutos positivos, ya que las agrupaciones lograron comprender el trabajo que est\u00e1 haciendo la corporaci\u00f3n y c\u00f3mo pueden ayudarlos a postular a fondos concursables para ganar proyectos de asignaci\u00f3n econ\u00f3mica para la compra de instrumentos, amplificaci\u00f3n u otro art\u00edculo que necesiten. <\/p>\n\n\n\n<figure class=\"wp-block-image\"><img loading=\"lazy\" decoding=\"async\" width=\"900\" height=\"600\" src=\"https:\/\/www.radiopresidenteibanez.cl\/web\/wp-content\/uploads\/2019\/03\/039A0539.jpg\" alt=\"\" class=\"wp-image-2596\" srcset=\"https:\/\/www.radiopresidenteibanez.cl\/web\/wp-content\/uploads\/2019\/03\/039A0539.jpg 900w, https:\/\/www.radiopresidenteibanez.cl\/web\/wp-content\/uploads\/2019\/03\/039A0539-300x200.jpg 300w, https:\/\/www.radiopresidenteibanez.cl\/web\/wp-content\/uploads\/2019\/03\/039A0539-768x512.jpg 768w\" sizes=\"auto, (max-width: 900px) 100vw, 900px\" \/><\/figure>\n","protected":false},"excerpt":{"rendered":"<p>En las instalaciones de la biblioteca p\u00fablica comunal, la Municipalidad de Natales&nbsp; y la Corporaci\u00f3n de Cultura, Turismo y Patrimonio convocaron a todas las agrupaciones y gestores culturales de Natales,&#8230; <a class=\"read-more\" href=\"https:\/\/www.radiopresidenteibanez.cl\/web\/gestores-y-agrupaciones-culturales-dialogaron-sobre-necesidad-de-contar-con-un-centro-cultural-para-natales\/\">Leer m\u00e1s<\/a><\/p>\n","protected":false},"author":2,"featured_media":2596,"comment_status":"closed","ping_status":"closed","sticky":false,"template":"","format":"standard","meta":{"footnotes":""},"categories":[1],"tags":[],"class_list":["post-2595","post","type-post","status-publish","format-standard","has-post-thumbnail","hentry","category-cronica"],"_links":{"self":[{"href":"https:\/\/www.radiopresidenteibanez.cl\/web\/wp-json\/wp\/v2\/posts\/2595","targetHints":{"allow":["GET"]}}],"collection":[{"href":"https:\/\/www.radiopresidenteibanez.cl\/web\/wp-json\/wp\/v2\/posts"}],"about":[{"href":"https:\/\/www.radiopresidenteibanez.cl\/web\/wp-json\/wp\/v2\/types\/post"}],"author":[{"embeddable":true,"href":"https:\/\/www.radiopresidenteibanez.cl\/web\/wp-json\/wp\/v2\/users\/2"}],"replies":[{"embeddable":true,"href":"https:\/\/www.radiopresidenteibanez.cl\/web\/wp-json\/wp\/v2\/comments?post=2595"}],"version-history":[{"count":0,"href":"https:\/\/www.radiopresidenteibanez.cl\/web\/wp-json\/wp\/v2\/posts\/2595\/revisions"}],"wp:featuredmedia":[{"embeddable":true,"href":"https:\/\/www.radiopresidenteibanez.cl\/web\/wp-json\/wp\/v2\/media\/2596"}],"wp:attachment":[{"href":"https:\/\/www.radiopresidenteibanez.cl\/web\/wp-json\/wp\/v2\/media?parent=2595"}],"wp:term":[{"taxonomy":"category","embeddable":true,"href":"https:\/\/www.radiopresidenteibanez.cl\/web\/wp-json\/wp\/v2\/categories?post=2595"},{"taxonomy":"post_tag","embeddable":true,"href":"https:\/\/www.radiopresidenteibanez.cl\/web\/wp-json\/wp\/v2\/tags?post=2595"}],"curies":[{"name":"wp","href":"https:\/\/api.w.org\/{rel}","templated":true}]}}