{"id":25939,"date":"2021-12-04T11:43:13","date_gmt":"2021-12-04T14:43:13","guid":{"rendered":"https:\/\/www.radiopresidenteibanez.cl\/web\/?p=25939"},"modified":"2021-12-04T11:43:19","modified_gmt":"2021-12-04T14:43:19","slug":"comite-regional-de-salud-joven-realizo-jornada-de-evaluacion-de-acciones-desarrolladas-el-2021","status":"publish","type":"post","link":"https:\/\/www.radiopresidenteibanez.cl\/web\/comite-regional-de-salud-joven-realizo-jornada-de-evaluacion-de-acciones-desarrolladas-el-2021\/","title":{"rendered":"COMIT\u00c9 REGIONAL DE SALUD JOVEN REALIZ\u00d3 JORNADA DE EVALUACI\u00d3N DE ACCIONES DESARROLLADAS EL 2021"},"content":{"rendered":"\n<p>El 02 de diciembre fue la fecha de cierre de acciones del 2021 del Comit\u00e9 Regional\nde Salud Joven, compuesto por Instituciones de las 4 capitales provinciales y\nlos representantes juveniles del Consejo Asesor de la SEREMI de Salud. <\/p>\n\n\n\n<p>La reuni\u00f3n tuvo como objetivo, dialogar en torno a las\nacciones de salud, que, para este a\u00f1o, apuntaban directamente a la calidad de\nvida y la salud juvenil en tiempos de pandemia.&nbsp;\n<\/p>\n\n\n\n<p>Susana Otey, Encargada de este Comit\u00e9 Regional, expres\u00f3: \u201cCerrando\nun a\u00f1o dif\u00edcil para todos, vemos que las Instituciones que est\u00e1n ligadas a la\ncalidad de vida juvenil, a la Promoci\u00f3n de la Salud y la prevenci\u00f3n, est\u00e1n muy entusiasmadas,\nen generar nuevas alianzas y nuevas ofertas para adolescentes y j\u00f3venes\nespecialmente para el 2022 y a\u00fan m\u00e1s gratificante, resulta saber que hay muchos\nj\u00f3venes que est\u00e1n interesados,\nen ser parte de este trabajo\u201d.<\/p>\n\n\n\n<p>Las diversas planificaciones y su ejecuci\u00f3n institucional, se\nfortalecieron con los testimonios de todos los presentes, comenzando con el\npersonal de salud de atenci\u00f3n primeria de las comunas, quienes &nbsp;relataron, c\u00f3mo la modalidad online y el\nrespiro que dejaron las fases con mayor presencialidad, activaron casi autom\u00e1ticamente\na su red local, para ejecutar los controles de salud del adolescente, una\noferta de salud \u00fanica del sistema p\u00fablico, que permite conocer par\u00e1metros de\nsalud f\u00edsica y emocional del segmento entre 10 y 19 a\u00f1os, su entorno inmediato\ny qu\u00e9 necesidades detectadas, precisan mayor urgencia.&nbsp; Otro sector que present\u00f3 su testimonio de trabajo\nmayormente online, fue la Corporaci\u00f3n Municipal de Puerto Natales, a trav\u00e9s del\nsector Educaci\u00f3n y Salud, quienes muy unidos, trabajan para el segmento adolescente.&nbsp; <\/p>\n\n\n\n<p>En el caso del CESFAM Puerto Natales se dio el tiempo de conmemorar\nel mes de la juventud en agosto, con variadas acciones, con la finalidad\nigualmente de no perder la vinculaci\u00f3n que se ha ganado a trav\u00e9s de los a\u00f1os,\ncon los establecimientos educacionales y sus conocidos \u201ccontroles de salud\u201d.&nbsp; <\/p>\n\n\n\n<p>As\u00ed tambi\u00e9n, el equipo de \u201cSalud Joven\u201d del Hospital Marco\nChamorro en Porvenir, el cual goza de un equipo multidisciplinario para apoyar\na adolescentes y j\u00f3venes, cont\u00f3 sobre su trabajo y la apuesta por avanzar en\nacciones hacia la ruralidad juvenil, as\u00ed como las variadas acciones en\npandemia, para lograr los objetivos propuestos, destacando a su vez, las mesas\ninformativas y el apoyo recibido. &nbsp;<\/p>\n\n\n\n<p>En el caso de Punta Arenas, la Universidad de Magallanes, a\ntrav\u00e9s de las carreras de Kinesiolog\u00eda y Nutrici\u00f3n y Diet\u00e9tica, refrescaron la\nrealidad estudiantil en el tramo 20-29 a\u00f1os, donde con muy poca presencialidad\ny un aumento del uso de tecnolog\u00edas\nde la informaci\u00f3n, tuvieron que sortear un a\u00f1o dif\u00edcil pero igualmente\ncon aprendizajes para la comunidad educativa. <\/p>\n","protected":false},"excerpt":{"rendered":"<p>El 02 de diciembre fue la fecha de cierre de acciones del 2021 del Comit\u00e9 Regional de Salud Joven, compuesto por Instituciones de las 4 capitales provinciales y los representantes&#8230; <a class=\"read-more\" href=\"https:\/\/www.radiopresidenteibanez.cl\/web\/comite-regional-de-salud-joven-realizo-jornada-de-evaluacion-de-acciones-desarrolladas-el-2021\/\">Leer m\u00e1s<\/a><\/p>\n","protected":false},"author":2,"featured_media":25940,"comment_status":"closed","ping_status":"closed","sticky":false,"template":"","format":"standard","meta":{"footnotes":""},"categories":[1],"tags":[],"class_list":["post-25939","post","type-post","status-publish","format-standard","has-post-thumbnail","hentry","category-cronica"],"_links":{"self":[{"href":"https:\/\/www.radiopresidenteibanez.cl\/web\/wp-json\/wp\/v2\/posts\/25939","targetHints":{"allow":["GET"]}}],"collection":[{"href":"https:\/\/www.radiopresidenteibanez.cl\/web\/wp-json\/wp\/v2\/posts"}],"about":[{"href":"https:\/\/www.radiopresidenteibanez.cl\/web\/wp-json\/wp\/v2\/types\/post"}],"author":[{"embeddable":true,"href":"https:\/\/www.radiopresidenteibanez.cl\/web\/wp-json\/wp\/v2\/users\/2"}],"replies":[{"embeddable":true,"href":"https:\/\/www.radiopresidenteibanez.cl\/web\/wp-json\/wp\/v2\/comments?post=25939"}],"version-history":[{"count":0,"href":"https:\/\/www.radiopresidenteibanez.cl\/web\/wp-json\/wp\/v2\/posts\/25939\/revisions"}],"wp:featuredmedia":[{"embeddable":true,"href":"https:\/\/www.radiopresidenteibanez.cl\/web\/wp-json\/wp\/v2\/media\/25940"}],"wp:attachment":[{"href":"https:\/\/www.radiopresidenteibanez.cl\/web\/wp-json\/wp\/v2\/media?parent=25939"}],"wp:term":[{"taxonomy":"category","embeddable":true,"href":"https:\/\/www.radiopresidenteibanez.cl\/web\/wp-json\/wp\/v2\/categories?post=25939"},{"taxonomy":"post_tag","embeddable":true,"href":"https:\/\/www.radiopresidenteibanez.cl\/web\/wp-json\/wp\/v2\/tags?post=25939"}],"curies":[{"name":"wp","href":"https:\/\/api.w.org\/{rel}","templated":true}]}}