{"id":25927,"date":"2021-12-03T16:49:00","date_gmt":"2021-12-03T19:49:00","guid":{"rendered":"https:\/\/www.radiopresidenteibanez.cl\/web\/?p=25927"},"modified":"2021-12-03T11:54:30","modified_gmt":"2021-12-03T14:54:30","slug":"cerca-de-4-700-regalos-de-navidad-entregara-municipio-de-punta-arenas-desde-este-sabado","status":"publish","type":"post","link":"https:\/\/www.radiopresidenteibanez.cl\/web\/cerca-de-4-700-regalos-de-navidad-entregara-municipio-de-punta-arenas-desde-este-sabado\/","title":{"rendered":"CERCA DE 4.700 REGALOS DE NAVIDAD ENTREGARA MUNICIPIO DE PUNTA ARENAS DESDE ESTE SABADO"},"content":{"rendered":"\n<p>\n\nEste s\u00e1bado (4 de diciembre), iniciar\u00e1 la entrega de regalos por parte del Municipio de Punta Arenas, a los cerca de 4.700 ni\u00f1as y ni\u00f1os de entre 0 y 10 a\u00f1os, que se inscribieron para recibir el beneficio.<br>\u201cGracias a un trabajo coordinado de Dideco con dirigentes vecinales hoy estamos hablando de 4.700 ni\u00f1os de nuestra ciudad de 0 a 10 a\u00f1os, que est\u00e1n inscritos con sus regalos, que est\u00e1n ya comprados y el Viejito Pascuero los va a estar esperando durante los pr\u00f3ximos d\u00edas. Tal como pas\u00f3 el a\u00f1o pasado producto de la pandemia, tenemos que tener ciertas restricciones. Lamentablemente, no vamos a hacer una fiesta como las que tuvimos los a\u00f1os previos al Covid, para no generar aglomeraciones\u201d, afirm\u00f3 el alcalde de Punta Arenas, Claudio Radonich.<br>La entrega iniciar\u00e1 el s\u00e1bado, de 10 a 13 horas, en la escuela Elba Ojeda de R\u00edo Seco, donde se entregar\u00e1n los regalos para los ni\u00f1os de dicho sector habitacional.<br>Posteriormente, desde el lunes 6 de diciembre, en la escuela Portugal, iniciar\u00e1 la entrega de regalos a los m\u00e1s peque\u00f1os de la comuna de Punta Arenas, que se llevar\u00e1 a cabo por distritos, de 9 a 17 horas. \u201cLos distritos est\u00e1n todos distribuidos durante la semana, desde el s\u00e1bado en el sector de R\u00edo Seco, y durante la semana lo que es urbano, donde vamos a atender horario de corrido, de 9 a 17 horas. Nuestros equipos de Dideco est\u00e1n todos divididos y dispuestos a poder llevar a cabo esta atenci\u00f3n\u201d, explic\u00f3 la directora de Desarrollo Comunitario del Municipio, Elena Blackwood.<br>Para los distritos 1 y 2, la entrega ser\u00e1 el lunes 6 de diciembre, siguiendo con los distritos 3 y 4 (martes 7), 5 y 6 (mi\u00e9rcoles 8), 7 y 8 (jueves 9) y terminando con los distritos 9 y 10 (viernes 10).<br>Cabe recordar a la comunidad que los regalos deben ser retirados con la c\u00e9dula de identidad del ni\u00f1o o ni\u00f1a, velando por el cumplimiento de las medidas sanitarias vigentes.&nbsp;<\/p>\n\n\n\n<p><\/p>\n","protected":false},"excerpt":{"rendered":"<p>Este s\u00e1bado (4 de diciembre), iniciar\u00e1 la entrega de regalos por parte del Municipio de Punta Arenas, a los cerca de 4.700 ni\u00f1as y ni\u00f1os de entre 0 y 10&#8230; <a class=\"read-more\" href=\"https:\/\/www.radiopresidenteibanez.cl\/web\/cerca-de-4-700-regalos-de-navidad-entregara-municipio-de-punta-arenas-desde-este-sabado\/\">Leer m\u00e1s<\/a><\/p>\n","protected":false},"author":2,"featured_media":25928,"comment_status":"closed","ping_status":"closed","sticky":false,"template":"","format":"standard","meta":{"footnotes":""},"categories":[1],"tags":[],"class_list":["post-25927","post","type-post","status-publish","format-standard","has-post-thumbnail","hentry","category-cronica"],"_links":{"self":[{"href":"https:\/\/www.radiopresidenteibanez.cl\/web\/wp-json\/wp\/v2\/posts\/25927","targetHints":{"allow":["GET"]}}],"collection":[{"href":"https:\/\/www.radiopresidenteibanez.cl\/web\/wp-json\/wp\/v2\/posts"}],"about":[{"href":"https:\/\/www.radiopresidenteibanez.cl\/web\/wp-json\/wp\/v2\/types\/post"}],"author":[{"embeddable":true,"href":"https:\/\/www.radiopresidenteibanez.cl\/web\/wp-json\/wp\/v2\/users\/2"}],"replies":[{"embeddable":true,"href":"https:\/\/www.radiopresidenteibanez.cl\/web\/wp-json\/wp\/v2\/comments?post=25927"}],"version-history":[{"count":0,"href":"https:\/\/www.radiopresidenteibanez.cl\/web\/wp-json\/wp\/v2\/posts\/25927\/revisions"}],"wp:featuredmedia":[{"embeddable":true,"href":"https:\/\/www.radiopresidenteibanez.cl\/web\/wp-json\/wp\/v2\/media\/25928"}],"wp:attachment":[{"href":"https:\/\/www.radiopresidenteibanez.cl\/web\/wp-json\/wp\/v2\/media?parent=25927"}],"wp:term":[{"taxonomy":"category","embeddable":true,"href":"https:\/\/www.radiopresidenteibanez.cl\/web\/wp-json\/wp\/v2\/categories?post=25927"},{"taxonomy":"post_tag","embeddable":true,"href":"https:\/\/www.radiopresidenteibanez.cl\/web\/wp-json\/wp\/v2\/tags?post=25927"}],"curies":[{"name":"wp","href":"https:\/\/api.w.org\/{rel}","templated":true}]}}