{"id":2591,"date":"2019-03-24T00:03:51","date_gmt":"2019-03-24T00:03:51","guid":{"rendered":"http:\/\/www.radiopresidenteibanez.cl\/web\/?p=2591"},"modified":"2019-03-24T00:04:22","modified_gmt":"2019-03-24T00:04:22","slug":"gobierno-lanza-guia-que-reune-64-fondos-concursables-para-beneficiar-a-la-ciudadania-con-mas-de-200-millones-de-dolares","status":"publish","type":"post","link":"https:\/\/www.radiopresidenteibanez.cl\/web\/gobierno-lanza-guia-que-reune-64-fondos-concursables-para-beneficiar-a-la-ciudadania-con-mas-de-200-millones-de-dolares\/","title":{"rendered":"GOBIERNO LANZA GU\u00cdA QUE RE\u00daNE 64 FONDOS CONCURSABLES PARA BENEFICIAR A LA CIUDADAN\u00cdA CON M\u00c1S DE 200 MILLONES DE D\u00d3LARES"},"content":{"rendered":"\n<p> Con un llamado a promover el rol de las organizaciones de la sociedad civil y valorar el aporte fundamental que realizan los ciudadanos y los dirigentes sociales para el desarrollo integral del pa\u00eds, la Vocera de Gobierno, Cecilia P\u00e9rez, encabez\u00f3 el lanzamiento de la Gu\u00eda de Fondos Concursables 2019. Junto a m\u00e1s de 500 vecinos, familias y dirigentes sociales de las comunas de Puente Alto, San Jos\u00e9 de Maipo y Pirque, la Ministra P\u00e9rez dio a conocer el documento impulsado por el Ministerio Secretar\u00eda General de Gobierno, a trav\u00e9s de la Divisi\u00f3n de Organizaciones Sociales (DOS), el cual re\u00fane informaci\u00f3n de 64 fondos concursables, por un total de recursos que supera los 200 millones de d\u00f3lares, que el Estado pone a disposici\u00f3n de la ciudadan\u00eda. La iniciativa nace a partir de la preocupaci\u00f3n de distintos organizaciones ciudadanas y dirigentes sociales respecto a la falta de informaci\u00f3n oportuna y concentrada sobre los recursos que dispone el Estado para fortalecer a las organizaciones de la sociedad civil. La ceremonia de presentaci\u00f3n se realiz\u00f3 en la Gobernaci\u00f3n de Cordillera y, adem\u00e1s de la Vocera de La Moneda, asistieron el Subsecretario Emardo Hantelmann; la Gobernadora de Cordillera, Mireya Chocair; el Director de la Divisi\u00f3n de Organizaciones Sociales, \u00c1lvaro Pillado, y el diputado Leopoldo P\u00e9rez. En 112 p\u00e1ginas la Gu\u00eda de Fondos Concursables 2019 contiene valiosa informaci\u00f3n correspondiente a los fondos de 14 ministerios, con una descripci\u00f3n detallada de sus beneficios, a qui\u00e9nes est\u00e1n dirigidos, los requisitos y las fechas de postulaciones. Adem\u00e1s, entrega  orientaci\u00f3n y datos \u00fatiles sobre c\u00f3mo formular y elaborar un proyecto, y la mejor manera de postular a los fondos concursables. \u201cEl mayor valor de esta es que nace del di\u00e1logo y de escuchar a los dirigentes sociales y la ciudadan\u00eda. Porque desde el primer d\u00eda dijimos que \u00edbamos a poner las prioridades y urgencias sociales de los chilenos en el coraz\u00f3n del Gobierno del Presidente Sebasti\u00e1n Pi\u00f1era. La sociedad civil y el liderazgo de los dirigentes sociales son la columna vertebral de todos nuestros avances; son un motor para el desarrollo integral que queremos para nuestro pa\u00eds y un aporte imprescindible para construir un Chile m\u00e1s justo, m\u00e1s inclusivo, m\u00e1s solidario y participativo\u201d, dijo la Ministra Cecilia P\u00e9rez. \u201cLos ciudadanos, los dirigentes sociales, las organizaciones y los vecinos necesitan herramientas concretas para impulsar proyectos que mejoren la calidad de vida de sus comunidades. Esta Gu\u00eda de Fondos Concursables es un nuevo instrumento que les permitir\u00e1 acceder de manera simple y eficaz a los beneficios de 14 ministerios\u201d, explic\u00f3 la Secretaria de Estado. Entre los ministerios con la mayor cantidad de recursos destinados a los fondos concursables destacan el Ministerio de Desarrollo Social, con m\u00e1s de 97 mil millones de pesos; el Ministerio del Interior, con casi $11 mil millones; el Ministerio de Vivienda y Urbanismo con m\u00e1s de $9.900 millones, y el Ministerio Secretaria General de Gobierno que en sus dos fondos concursantes contempla un presupuesto de m\u00e1s de 3.500 millones de pesos. El Director de la Divisi\u00f3n de Organizaciones Sociales, \u00c1lvaro Pillado, enfatiz\u00f3 que \u201ccon este instrumento damos otro paso significativo para potenciar la participaci\u00f3n ciudadana, haciendo m\u00e1s simple, directo y efectivo el funcionamiento de las organizaciones sociales. Nuestro objetivo es fortalecer los liderazgos sociales y comunitarios, para sumar la voz de los ciudadanos a los proyectos legislativos y las pol\u00edticas p\u00fablicas del Gobierno\u201d. Desde las organizaciones sociales, el presidente de la Uni\u00f3n Comunal de Juntas de Vecinos de Quinta Normal, Alejandro Reyes, coment\u00f3 que \u201cesta Gu\u00eda de Fondos es un anhelo que ven\u00edamos buscando hace mucho tiempo. Esto nos va a facilitar postular a los proyectos de forma correcta y sin apuros. Estamos seguros que se convertir\u00e1 es un gran instrumento de trabajo, y que muchos dirigentes, organizaciones y ciudadanos lo van a utilizar y difundir\u201d. La Gu\u00eda de Fondos Concursables 2019 ser\u00e1 distribuida en cada regi\u00f3n del pa\u00eds, a trav\u00e9s de las Gobernaciones y las Secretar\u00edas Regionales Ministeriales de Gobierno, y tambi\u00e9n se puede descargar directamente desde el siguiente link: http:\/\/participemos.gob.cl\/wpcontent\/uploads\/2019\/03\/Gu%C3%ADa-de-Fondos_digital_final.pdf <\/p>\n\n\n\n<ul class=\"wp-block-gallery columns-2 is-cropped wp-block-gallery-1 is-layout-flex wp-block-gallery-is-layout-flex\"><li class=\"blocks-gallery-item\"><figure><img loading=\"lazy\" decoding=\"async\" width=\"1024\" height=\"682\" src=\"https:\/\/www.radiopresidenteibanez.cl\/web\/wp-content\/uploads\/2019\/03\/PHOTO-2019-03-23-10-41-50-1024x682.jpg\" alt=\"\" data-id=\"2592\" data-link=\"https:\/\/www.radiopresidenteibanez.cl\/web\/?attachment_id=2592\" class=\"wp-image-2592\" srcset=\"https:\/\/www.radiopresidenteibanez.cl\/web\/wp-content\/uploads\/2019\/03\/PHOTO-2019-03-23-10-41-50-1024x682.jpg 1024w, https:\/\/www.radiopresidenteibanez.cl\/web\/wp-content\/uploads\/2019\/03\/PHOTO-2019-03-23-10-41-50-300x200.jpg 300w, https:\/\/www.radiopresidenteibanez.cl\/web\/wp-content\/uploads\/2019\/03\/PHOTO-2019-03-23-10-41-50-768x512.jpg 768w, https:\/\/www.radiopresidenteibanez.cl\/web\/wp-content\/uploads\/2019\/03\/PHOTO-2019-03-23-10-41-50.jpg 1280w\" sizes=\"auto, (max-width: 1024px) 100vw, 1024px\" \/><\/figure><\/li><li class=\"blocks-gallery-item\"><figure><img loading=\"lazy\" decoding=\"async\" width=\"1024\" height=\"683\" src=\"https:\/\/www.radiopresidenteibanez.cl\/web\/wp-content\/uploads\/2019\/03\/PHOTO-2019-03-23-10-41-51-1024x683.jpg\" alt=\"\" data-id=\"2593\" data-link=\"https:\/\/www.radiopresidenteibanez.cl\/web\/?attachment_id=2593\" class=\"wp-image-2593\" srcset=\"https:\/\/www.radiopresidenteibanez.cl\/web\/wp-content\/uploads\/2019\/03\/PHOTO-2019-03-23-10-41-51-1024x683.jpg 1024w, https:\/\/www.radiopresidenteibanez.cl\/web\/wp-content\/uploads\/2019\/03\/PHOTO-2019-03-23-10-41-51-300x200.jpg 300w, https:\/\/www.radiopresidenteibanez.cl\/web\/wp-content\/uploads\/2019\/03\/PHOTO-2019-03-23-10-41-51-768x512.jpg 768w, https:\/\/www.radiopresidenteibanez.cl\/web\/wp-content\/uploads\/2019\/03\/PHOTO-2019-03-23-10-41-51.jpg 1280w\" sizes=\"auto, (max-width: 1024px) 100vw, 1024px\" \/><\/figure><\/li><\/ul>\n","protected":false},"excerpt":{"rendered":"<p>Con un llamado a promover el rol de las organizaciones de la sociedad civil y valorar el aporte fundamental que realizan los ciudadanos y los dirigentes sociales para el desarrollo&#8230; <a class=\"read-more\" href=\"https:\/\/www.radiopresidenteibanez.cl\/web\/gobierno-lanza-guia-que-reune-64-fondos-concursables-para-beneficiar-a-la-ciudadania-con-mas-de-200-millones-de-dolares\/\">Leer m\u00e1s<\/a><\/p>\n","protected":false},"author":2,"featured_media":2593,"comment_status":"closed","ping_status":"closed","sticky":false,"template":"","format":"standard","meta":{"footnotes":""},"categories":[1],"tags":[],"class_list":["post-2591","post","type-post","status-publish","format-standard","has-post-thumbnail","hentry","category-cronica"],"_links":{"self":[{"href":"https:\/\/www.radiopresidenteibanez.cl\/web\/wp-json\/wp\/v2\/posts\/2591","targetHints":{"allow":["GET"]}}],"collection":[{"href":"https:\/\/www.radiopresidenteibanez.cl\/web\/wp-json\/wp\/v2\/posts"}],"about":[{"href":"https:\/\/www.radiopresidenteibanez.cl\/web\/wp-json\/wp\/v2\/types\/post"}],"author":[{"embeddable":true,"href":"https:\/\/www.radiopresidenteibanez.cl\/web\/wp-json\/wp\/v2\/users\/2"}],"replies":[{"embeddable":true,"href":"https:\/\/www.radiopresidenteibanez.cl\/web\/wp-json\/wp\/v2\/comments?post=2591"}],"version-history":[{"count":0,"href":"https:\/\/www.radiopresidenteibanez.cl\/web\/wp-json\/wp\/v2\/posts\/2591\/revisions"}],"wp:featuredmedia":[{"embeddable":true,"href":"https:\/\/www.radiopresidenteibanez.cl\/web\/wp-json\/wp\/v2\/media\/2593"}],"wp:attachment":[{"href":"https:\/\/www.radiopresidenteibanez.cl\/web\/wp-json\/wp\/v2\/media?parent=2591"}],"wp:term":[{"taxonomy":"category","embeddable":true,"href":"https:\/\/www.radiopresidenteibanez.cl\/web\/wp-json\/wp\/v2\/categories?post=2591"},{"taxonomy":"post_tag","embeddable":true,"href":"https:\/\/www.radiopresidenteibanez.cl\/web\/wp-json\/wp\/v2\/tags?post=2591"}],"curies":[{"name":"wp","href":"https:\/\/api.w.org\/{rel}","templated":true}]}}