{"id":25753,"date":"2021-11-26T11:27:00","date_gmt":"2021-11-26T14:27:00","guid":{"rendered":"https:\/\/www.radiopresidenteibanez.cl\/web\/?p=25753"},"modified":"2021-11-27T23:31:30","modified_gmt":"2021-11-28T02:31:30","slug":"campana-noestassola-marca-conmemoracion-del-dia-internacional-de-la-eliminacion-de-la-violencia-contra-la-mujer","status":"publish","type":"post","link":"https:\/\/www.radiopresidenteibanez.cl\/web\/campana-noestassola-marca-conmemoracion-del-dia-internacional-de-la-eliminacion-de-la-violencia-contra-la-mujer\/","title":{"rendered":"CAMPA\u00d1A #NoEst\u00e1sSola MARCA CONMEMORACI\u00d3N DEL D\u00cdA INTERNACIONAL DE LA ELIMINACI\u00d3N DE LA VIOLENCIA CONTRA LA MUJER."},"content":{"rendered":"\n<p>Con objetivo de visibilizar la violencia que se ejerce sobre las mujeres. <\/p>\n\n\n\n<p><\/p>\n\n\n\n<p>Diversas iniciativas desarroll\u00f3 la Secretar\u00eda Regional del\nMinisterio de la Mujer y la Equidad de G\u00e9nero en el marco de la conmemoraci\u00f3n\ndel D\u00eda Internacional de la Eliminaci\u00f3n de la Violencia Contra la Mujer.\nDifusi\u00f3n, Gobierno en Terreno y talleres con la comunidad fueron algunas de\nestas actividades.<\/p>\n\n\n\n<p>En el hall central de Zona Franca funcionarios de la Seremi\nde la Mujer, entregaron informaci\u00f3n sobre los derechos de las mujeres y los\ncanales de ayuda y denuncia para erradicar y prevenir la violencia en contra de\nla mujer lanzando una nueva campa\u00f1a para difundir los canales de orientaci\u00f3n.&nbsp; El distintivo de la campa\u00f1a fue la pulsera\n#NoEst\u00e1sSola, que fue acompa\u00f1ada de gr\u00e1ficas con informaci\u00f3n sobre los canales\nde ayuda los que fueron entregados al personal y p\u00fablico de Zona Franca.<\/p>\n\n\n\n<figure class=\"wp-block-gallery columns-3 is-cropped wp-block-gallery-1 is-layout-flex wp-block-gallery-is-layout-flex\"><ul class=\"blocks-gallery-grid\"><li class=\"blocks-gallery-item\"><figure><img loading=\"lazy\" decoding=\"async\" width=\"1024\" height=\"471\" src=\"https:\/\/www.radiopresidenteibanez.cl\/web\/wp-content\/uploads\/2021\/11\/Zona-Franca-2-1024x471.jpg\" alt=\"\" data-id=\"25761\" data-full-url=\"https:\/\/www.radiopresidenteibanez.cl\/web\/wp-content\/uploads\/2021\/11\/Zona-Franca-2.jpg\" data-link=\"https:\/\/www.radiopresidenteibanez.cl\/web\/?attachment_id=25761\" class=\"wp-image-25761\" srcset=\"https:\/\/www.radiopresidenteibanez.cl\/web\/wp-content\/uploads\/2021\/11\/Zona-Franca-2-1024x471.jpg 1024w, https:\/\/www.radiopresidenteibanez.cl\/web\/wp-content\/uploads\/2021\/11\/Zona-Franca-2-300x138.jpg 300w, https:\/\/www.radiopresidenteibanez.cl\/web\/wp-content\/uploads\/2021\/11\/Zona-Franca-2-768x353.jpg 768w, https:\/\/www.radiopresidenteibanez.cl\/web\/wp-content\/uploads\/2021\/11\/Zona-Franca-2-1536x707.jpg 1536w, https:\/\/www.radiopresidenteibanez.cl\/web\/wp-content\/uploads\/2021\/11\/Zona-Franca-2.jpg 1600w\" sizes=\"auto, (max-width: 1024px) 100vw, 1024px\" \/><\/figure><\/li><li class=\"blocks-gallery-item\"><figure><img loading=\"lazy\" decoding=\"async\" width=\"1024\" height=\"966\" src=\"https:\/\/www.radiopresidenteibanez.cl\/web\/wp-content\/uploads\/2021\/11\/002-Alej-Mini-1024x966.jpg\" alt=\"\" data-id=\"25766\" data-full-url=\"https:\/\/www.radiopresidenteibanez.cl\/web\/wp-content\/uploads\/2021\/11\/002-Alej-Mini.jpg\" data-link=\"https:\/\/www.radiopresidenteibanez.cl\/web\/?attachment_id=25766\" class=\"wp-image-25766\" srcset=\"https:\/\/www.radiopresidenteibanez.cl\/web\/wp-content\/uploads\/2021\/11\/002-Alej-Mini-1024x966.jpg 1024w, https:\/\/www.radiopresidenteibanez.cl\/web\/wp-content\/uploads\/2021\/11\/002-Alej-Mini-300x283.jpg 300w, https:\/\/www.radiopresidenteibanez.cl\/web\/wp-content\/uploads\/2021\/11\/002-Alej-Mini-768x725.jpg 768w, https:\/\/www.radiopresidenteibanez.cl\/web\/wp-content\/uploads\/2021\/11\/002-Alej-Mini.jpg 1524w\" sizes=\"auto, (max-width: 1024px) 100vw, 1024px\" \/><\/figure><\/li><li class=\"blocks-gallery-item\"><figure><img loading=\"lazy\" decoding=\"async\" width=\"973\" height=\"1024\" src=\"https:\/\/www.radiopresidenteibanez.cl\/web\/wp-content\/uploads\/2021\/11\/001-marlen-973x1024.jpg\" alt=\"\" data-id=\"25765\" data-full-url=\"https:\/\/www.radiopresidenteibanez.cl\/web\/wp-content\/uploads\/2021\/11\/001-marlen.jpg\" data-link=\"https:\/\/www.radiopresidenteibanez.cl\/web\/?attachment_id=25765\" class=\"wp-image-25765\" srcset=\"https:\/\/www.radiopresidenteibanez.cl\/web\/wp-content\/uploads\/2021\/11\/001-marlen-973x1024.jpg 973w, https:\/\/www.radiopresidenteibanez.cl\/web\/wp-content\/uploads\/2021\/11\/001-marlen-285x300.jpg 285w, https:\/\/www.radiopresidenteibanez.cl\/web\/wp-content\/uploads\/2021\/11\/001-marlen-768x808.jpg 768w, https:\/\/www.radiopresidenteibanez.cl\/web\/wp-content\/uploads\/2021\/11\/001-marlen-1459x1536.jpg 1459w, https:\/\/www.radiopresidenteibanez.cl\/web\/wp-content\/uploads\/2021\/11\/001-marlen.jpg 1524w\" sizes=\"auto, (max-width: 973px) 100vw, 973px\" \/><\/figure><\/li><li class=\"blocks-gallery-item\"><figure><img loading=\"lazy\" decoding=\"async\" width=\"768\" height=\"1024\" src=\"https:\/\/www.radiopresidenteibanez.cl\/web\/wp-content\/uploads\/2021\/11\/Zona-Franca-3-768x1024.jpg\" alt=\"\" data-id=\"25762\" data-full-url=\"https:\/\/www.radiopresidenteibanez.cl\/web\/wp-content\/uploads\/2021\/11\/Zona-Franca-3.jpg\" data-link=\"https:\/\/www.radiopresidenteibanez.cl\/web\/?attachment_id=25762\" class=\"wp-image-25762\" srcset=\"https:\/\/www.radiopresidenteibanez.cl\/web\/wp-content\/uploads\/2021\/11\/Zona-Franca-3-768x1024.jpg 768w, https:\/\/www.radiopresidenteibanez.cl\/web\/wp-content\/uploads\/2021\/11\/Zona-Franca-3-225x300.jpg 225w, https:\/\/www.radiopresidenteibanez.cl\/web\/wp-content\/uploads\/2021\/11\/Zona-Franca-3.jpg 960w\" sizes=\"auto, (max-width: 768px) 100vw, 768px\" \/><\/figure><\/li><li class=\"blocks-gallery-item\"><figure><img loading=\"lazy\" decoding=\"async\" width=\"929\" height=\"1024\" src=\"https:\/\/www.radiopresidenteibanez.cl\/web\/wp-content\/uploads\/2021\/11\/004-Minist-ZF-929x1024.png\" alt=\"\" data-id=\"25768\" data-full-url=\"https:\/\/www.radiopresidenteibanez.cl\/web\/wp-content\/uploads\/2021\/11\/004-Minist-ZF.png\" data-link=\"https:\/\/www.radiopresidenteibanez.cl\/web\/?attachment_id=25768\" class=\"wp-image-25768\" srcset=\"https:\/\/www.radiopresidenteibanez.cl\/web\/wp-content\/uploads\/2021\/11\/004-Minist-ZF-929x1024.png 929w, https:\/\/www.radiopresidenteibanez.cl\/web\/wp-content\/uploads\/2021\/11\/004-Minist-ZF-272x300.png 272w, https:\/\/www.radiopresidenteibanez.cl\/web\/wp-content\/uploads\/2021\/11\/004-Minist-ZF-768x847.png 768w, https:\/\/www.radiopresidenteibanez.cl\/web\/wp-content\/uploads\/2021\/11\/004-Minist-ZF-1394x1536.png 1394w, https:\/\/www.radiopresidenteibanez.cl\/web\/wp-content\/uploads\/2021\/11\/004-Minist-ZF.png 1536w\" sizes=\"auto, (max-width: 929px) 100vw, 929px\" \/><\/figure><\/li><li class=\"blocks-gallery-item\"><figure><img loading=\"lazy\" decoding=\"async\" width=\"828\" height=\"1024\" src=\"https:\/\/www.radiopresidenteibanez.cl\/web\/wp-content\/uploads\/2021\/11\/005-ZF-hombres-828x1024.jpg\" alt=\"\" data-id=\"25769\" data-full-url=\"https:\/\/www.radiopresidenteibanez.cl\/web\/wp-content\/uploads\/2021\/11\/005-ZF-hombres.jpg\" data-link=\"https:\/\/www.radiopresidenteibanez.cl\/web\/?attachment_id=25769\" class=\"wp-image-25769\" srcset=\"https:\/\/www.radiopresidenteibanez.cl\/web\/wp-content\/uploads\/2021\/11\/005-ZF-hombres-828x1024.jpg 828w, https:\/\/www.radiopresidenteibanez.cl\/web\/wp-content\/uploads\/2021\/11\/005-ZF-hombres-243x300.jpg 243w, https:\/\/www.radiopresidenteibanez.cl\/web\/wp-content\/uploads\/2021\/11\/005-ZF-hombres-768x950.jpg 768w, https:\/\/www.radiopresidenteibanez.cl\/web\/wp-content\/uploads\/2021\/11\/005-ZF-hombres-1242x1536.jpg 1242w, https:\/\/www.radiopresidenteibanez.cl\/web\/wp-content\/uploads\/2021\/11\/005-ZF-hombres.jpg 1531w\" sizes=\"auto, (max-width: 828px) 100vw, 828px\" \/><\/figure><\/li><li class=\"blocks-gallery-item\"><figure><img loading=\"lazy\" decoding=\"async\" width=\"846\" height=\"1024\" src=\"https:\/\/www.radiopresidenteibanez.cl\/web\/wp-content\/uploads\/2021\/11\/006-CAJ-ZF-846x1024.jpg\" alt=\"\" data-id=\"25770\" data-full-url=\"https:\/\/www.radiopresidenteibanez.cl\/web\/wp-content\/uploads\/2021\/11\/006-CAJ-ZF.jpg\" data-link=\"https:\/\/www.radiopresidenteibanez.cl\/web\/?attachment_id=25770\" class=\"wp-image-25770\" srcset=\"https:\/\/www.radiopresidenteibanez.cl\/web\/wp-content\/uploads\/2021\/11\/006-CAJ-ZF-846x1024.jpg 846w, https:\/\/www.radiopresidenteibanez.cl\/web\/wp-content\/uploads\/2021\/11\/006-CAJ-ZF-248x300.jpg 248w, https:\/\/www.radiopresidenteibanez.cl\/web\/wp-content\/uploads\/2021\/11\/006-CAJ-ZF-768x930.jpg 768w, https:\/\/www.radiopresidenteibanez.cl\/web\/wp-content\/uploads\/2021\/11\/006-CAJ-ZF-1269x1536.jpg 1269w, https:\/\/www.radiopresidenteibanez.cl\/web\/wp-content\/uploads\/2021\/11\/006-CAJ-ZF.jpg 1536w\" sizes=\"auto, (max-width: 846px) 100vw, 846px\" \/><\/figure><\/li><li class=\"blocks-gallery-item\"><figure><img loading=\"lazy\" decoding=\"async\" width=\"689\" height=\"1024\" src=\"https:\/\/www.radiopresidenteibanez.cl\/web\/wp-content\/uploads\/2021\/11\/007-Mu\u00f1eca-zf-689x1024.jpg\" alt=\"\" data-id=\"25771\" data-full-url=\"https:\/\/www.radiopresidenteibanez.cl\/web\/wp-content\/uploads\/2021\/11\/007-Mu\u00f1eca-zf.jpg\" data-link=\"https:\/\/www.radiopresidenteibanez.cl\/web\/?attachment_id=25771\" class=\"wp-image-25771\" srcset=\"https:\/\/www.radiopresidenteibanez.cl\/web\/wp-content\/uploads\/2021\/11\/007-Mu\u00f1eca-zf-689x1024.jpg 689w, https:\/\/www.radiopresidenteibanez.cl\/web\/wp-content\/uploads\/2021\/11\/007-Mu\u00f1eca-zf-202x300.jpg 202w, https:\/\/www.radiopresidenteibanez.cl\/web\/wp-content\/uploads\/2021\/11\/007-Mu\u00f1eca-zf-768x1141.jpg 768w, https:\/\/www.radiopresidenteibanez.cl\/web\/wp-content\/uploads\/2021\/11\/007-Mu\u00f1eca-zf.jpg 1014w\" sizes=\"auto, (max-width: 689px) 100vw, 689px\" \/><\/figure><\/li><\/ul><\/figure>\n\n\n\n<p>La Seremi(s) de la Mujer y la Equidad de G\u00e9nero Katherine\nIbacache dijo que \u201cqueremos que las mujeres sepan y tomen conciencia de que no\nest\u00e1n solas, y que existen los mecanismos y ayuda para salir del c\u00edrculo de la\nviolencia de g\u00e9nero, debemos visibilizar este problema y revertir el silencio\nque lo rodea.&nbsp; De igual modo la comunidad\ndebe ayudar si tiene conocimiento de alguna situaci\u00f3n que afecte a alguna\nmujer\u201d.&nbsp; <\/p>\n\n\n\n<figure class=\"wp-block-gallery columns-2 is-cropped wp-block-gallery-2 is-layout-flex wp-block-gallery-is-layout-flex\"><ul class=\"blocks-gallery-grid\"><li class=\"blocks-gallery-item\"><figure><img loading=\"lazy\" decoding=\"async\" width=\"1024\" height=\"471\" src=\"https:\/\/www.radiopresidenteibanez.cl\/web\/wp-content\/uploads\/2021\/11\/Zona-Franca-1024x471.jpg\" alt=\"\" data-id=\"25763\" data-full-url=\"https:\/\/www.radiopresidenteibanez.cl\/web\/wp-content\/uploads\/2021\/11\/Zona-Franca.jpg\" data-link=\"https:\/\/www.radiopresidenteibanez.cl\/web\/?attachment_id=25763\" class=\"wp-image-25763\" srcset=\"https:\/\/www.radiopresidenteibanez.cl\/web\/wp-content\/uploads\/2021\/11\/Zona-Franca-1024x471.jpg 1024w, https:\/\/www.radiopresidenteibanez.cl\/web\/wp-content\/uploads\/2021\/11\/Zona-Franca-300x138.jpg 300w, https:\/\/www.radiopresidenteibanez.cl\/web\/wp-content\/uploads\/2021\/11\/Zona-Franca-768x353.jpg 768w, https:\/\/www.radiopresidenteibanez.cl\/web\/wp-content\/uploads\/2021\/11\/Zona-Franca-1536x707.jpg 1536w, https:\/\/www.radiopresidenteibanez.cl\/web\/wp-content\/uploads\/2021\/11\/Zona-Franca.jpg 1600w\" sizes=\"auto, (max-width: 1024px) 100vw, 1024px\" \/><\/figure><\/li><li class=\"blocks-gallery-item\"><figure><img loading=\"lazy\" decoding=\"async\" width=\"1024\" height=\"471\" src=\"https:\/\/www.radiopresidenteibanez.cl\/web\/wp-content\/uploads\/2021\/11\/Zona-Franca1-1024x471.jpg\" alt=\"\" data-id=\"25764\" data-full-url=\"https:\/\/www.radiopresidenteibanez.cl\/web\/wp-content\/uploads\/2021\/11\/Zona-Franca1.jpg\" data-link=\"https:\/\/www.radiopresidenteibanez.cl\/web\/?attachment_id=25764\" class=\"wp-image-25764\" srcset=\"https:\/\/www.radiopresidenteibanez.cl\/web\/wp-content\/uploads\/2021\/11\/Zona-Franca1-1024x471.jpg 1024w, https:\/\/www.radiopresidenteibanez.cl\/web\/wp-content\/uploads\/2021\/11\/Zona-Franca1-300x138.jpg 300w, https:\/\/www.radiopresidenteibanez.cl\/web\/wp-content\/uploads\/2021\/11\/Zona-Franca1-768x353.jpg 768w, https:\/\/www.radiopresidenteibanez.cl\/web\/wp-content\/uploads\/2021\/11\/Zona-Franca1-1536x707.jpg 1536w, https:\/\/www.radiopresidenteibanez.cl\/web\/wp-content\/uploads\/2021\/11\/Zona-Franca1.jpg 1600w\" sizes=\"auto, (max-width: 1024px) 100vw, 1024px\" \/><\/figure><\/li><\/ul><\/figure>\n\n\n\n<p>La Delegaci\u00f3n Presidencial de Magallanes y la Corporaci\u00f3n\nde Asistencia Judicial participaron con la entrega de pulseras #NoEst\u00e1sSola y\nGobierno en Terreno donde entregaron informaci\u00f3n relevante sobre la prevenci\u00f3n\ny ayuda para mujeres que viven violencia. &nbsp;La iniciativa tuvo buena recepci\u00f3n por parte\nde los asistentes y trabajadoras del recinto y se resolvieron muchas dudas\nsobre el tema por parte del personal de las instituciones participantes en la\njornada que se extendi\u00f3 entre las 11 y las 13 horas del jueves, apoyados por el\norganismo asociado de la Seremi de la Mujer, el Servicio Nacional de la Mujer y\nla Equidad de G\u00e9nero, Sernameg.<\/p>\n\n\n\n<figure class=\"wp-block-gallery columns-3 is-cropped wp-block-gallery-3 is-layout-flex wp-block-gallery-is-layout-flex\"><ul class=\"blocks-gallery-grid\"><li class=\"blocks-gallery-item\"><figure><img loading=\"lazy\" decoding=\"async\" width=\"763\" height=\"1024\" src=\"https:\/\/www.radiopresidenteibanez.cl\/web\/wp-content\/uploads\/2021\/11\/01-charla-mu\u00f1equera-763x1024.jpg\" alt=\"\" data-id=\"25754\" data-full-url=\"https:\/\/www.radiopresidenteibanez.cl\/web\/wp-content\/uploads\/2021\/11\/01-charla-mu\u00f1equera-scaled.jpg\" data-link=\"https:\/\/www.radiopresidenteibanez.cl\/web\/?attachment_id=25754\" class=\"wp-image-25754\" srcset=\"https:\/\/www.radiopresidenteibanez.cl\/web\/wp-content\/uploads\/2021\/11\/01-charla-mu\u00f1equera-763x1024.jpg 763w, https:\/\/www.radiopresidenteibanez.cl\/web\/wp-content\/uploads\/2021\/11\/01-charla-mu\u00f1equera-224x300.jpg 224w, https:\/\/www.radiopresidenteibanez.cl\/web\/wp-content\/uploads\/2021\/11\/01-charla-mu\u00f1equera-768x1031.jpg 768w, https:\/\/www.radiopresidenteibanez.cl\/web\/wp-content\/uploads\/2021\/11\/01-charla-mu\u00f1equera-1144x1536.jpg 1144w, https:\/\/www.radiopresidenteibanez.cl\/web\/wp-content\/uploads\/2021\/11\/01-charla-mu\u00f1equera-1526x2048.jpg 1526w, https:\/\/www.radiopresidenteibanez.cl\/web\/wp-content\/uploads\/2021\/11\/01-charla-mu\u00f1equera-scaled.jpg 1907w\" sizes=\"auto, (max-width: 763px) 100vw, 763px\" \/><\/figure><\/li><li class=\"blocks-gallery-item\"><figure><img loading=\"lazy\" decoding=\"async\" width=\"1024\" height=\"683\" src=\"https:\/\/www.radiopresidenteibanez.cl\/web\/wp-content\/uploads\/2021\/11\/Charla-Se\u00f1oras-2-1024x683.jpg\" alt=\"\" data-id=\"25759\" data-full-url=\"https:\/\/www.radiopresidenteibanez.cl\/web\/wp-content\/uploads\/2021\/11\/Charla-Se\u00f1oras-2-scaled.jpg\" data-link=\"https:\/\/www.radiopresidenteibanez.cl\/web\/?attachment_id=25759\" class=\"wp-image-25759\" srcset=\"https:\/\/www.radiopresidenteibanez.cl\/web\/wp-content\/uploads\/2021\/11\/Charla-Se\u00f1oras-2-1024x683.jpg 1024w, https:\/\/www.radiopresidenteibanez.cl\/web\/wp-content\/uploads\/2021\/11\/Charla-Se\u00f1oras-2-300x200.jpg 300w, https:\/\/www.radiopresidenteibanez.cl\/web\/wp-content\/uploads\/2021\/11\/Charla-Se\u00f1oras-2-768x512.jpg 768w, https:\/\/www.radiopresidenteibanez.cl\/web\/wp-content\/uploads\/2021\/11\/Charla-Se\u00f1oras-2-1536x1024.jpg 1536w, https:\/\/www.radiopresidenteibanez.cl\/web\/wp-content\/uploads\/2021\/11\/Charla-Se\u00f1oras-2-2048x1365.jpg 2048w\" sizes=\"auto, (max-width: 1024px) 100vw, 1024px\" \/><\/figure><\/li><li class=\"blocks-gallery-item\"><figure><img loading=\"lazy\" decoding=\"async\" width=\"1024\" height=\"683\" src=\"https:\/\/www.radiopresidenteibanez.cl\/web\/wp-content\/uploads\/2021\/11\/Charla-Se\u00f1oras-ejercito-1024x683.jpg\" alt=\"\" data-id=\"25760\" data-full-url=\"https:\/\/www.radiopresidenteibanez.cl\/web\/wp-content\/uploads\/2021\/11\/Charla-Se\u00f1oras-ejercito-scaled.jpg\" data-link=\"https:\/\/www.radiopresidenteibanez.cl\/web\/?attachment_id=25760\" class=\"wp-image-25760\" srcset=\"https:\/\/www.radiopresidenteibanez.cl\/web\/wp-content\/uploads\/2021\/11\/Charla-Se\u00f1oras-ejercito-1024x683.jpg 1024w, https:\/\/www.radiopresidenteibanez.cl\/web\/wp-content\/uploads\/2021\/11\/Charla-Se\u00f1oras-ejercito-300x200.jpg 300w, https:\/\/www.radiopresidenteibanez.cl\/web\/wp-content\/uploads\/2021\/11\/Charla-Se\u00f1oras-ejercito-768x512.jpg 768w, https:\/\/www.radiopresidenteibanez.cl\/web\/wp-content\/uploads\/2021\/11\/Charla-Se\u00f1oras-ejercito-1536x1024.jpg 1536w, https:\/\/www.radiopresidenteibanez.cl\/web\/wp-content\/uploads\/2021\/11\/Charla-Se\u00f1oras-ejercito-2048x1365.jpg 2048w\" sizes=\"auto, (max-width: 1024px) 100vw, 1024px\" \/><\/figure><\/li><li class=\"blocks-gallery-item\"><figure><img loading=\"lazy\" decoding=\"async\" width=\"1024\" height=\"471\" src=\"https:\/\/www.radiopresidenteibanez.cl\/web\/wp-content\/uploads\/2021\/11\/Zona-Franca-2-1024x471.jpg\" alt=\"\" data-id=\"25761\" data-full-url=\"https:\/\/www.radiopresidenteibanez.cl\/web\/wp-content\/uploads\/2021\/11\/Zona-Franca-2.jpg\" data-link=\"https:\/\/www.radiopresidenteibanez.cl\/web\/?attachment_id=25761\" class=\"wp-image-25761\" srcset=\"https:\/\/www.radiopresidenteibanez.cl\/web\/wp-content\/uploads\/2021\/11\/Zona-Franca-2-1024x471.jpg 1024w, https:\/\/www.radiopresidenteibanez.cl\/web\/wp-content\/uploads\/2021\/11\/Zona-Franca-2-300x138.jpg 300w, https:\/\/www.radiopresidenteibanez.cl\/web\/wp-content\/uploads\/2021\/11\/Zona-Franca-2-768x353.jpg 768w, https:\/\/www.radiopresidenteibanez.cl\/web\/wp-content\/uploads\/2021\/11\/Zona-Franca-2-1536x707.jpg 1536w, https:\/\/www.radiopresidenteibanez.cl\/web\/wp-content\/uploads\/2021\/11\/Zona-Franca-2.jpg 1600w\" sizes=\"auto, (max-width: 1024px) 100vw, 1024px\" \/><\/figure><\/li><li class=\"blocks-gallery-item\"><figure><img loading=\"lazy\" decoding=\"async\" width=\"1024\" height=\"683\" src=\"https:\/\/www.radiopresidenteibanez.cl\/web\/wp-content\/uploads\/2021\/11\/Charla-grupo-1024x683.jpg\" alt=\"\" data-id=\"25758\" data-full-url=\"https:\/\/www.radiopresidenteibanez.cl\/web\/wp-content\/uploads\/2021\/11\/Charla-grupo-scaled.jpg\" data-link=\"https:\/\/www.radiopresidenteibanez.cl\/web\/?attachment_id=25758\" class=\"wp-image-25758\" srcset=\"https:\/\/www.radiopresidenteibanez.cl\/web\/wp-content\/uploads\/2021\/11\/Charla-grupo-1024x683.jpg 1024w, https:\/\/www.radiopresidenteibanez.cl\/web\/wp-content\/uploads\/2021\/11\/Charla-grupo-300x200.jpg 300w, https:\/\/www.radiopresidenteibanez.cl\/web\/wp-content\/uploads\/2021\/11\/Charla-grupo-768x512.jpg 768w, https:\/\/www.radiopresidenteibanez.cl\/web\/wp-content\/uploads\/2021\/11\/Charla-grupo-1536x1024.jpg 1536w, https:\/\/www.radiopresidenteibanez.cl\/web\/wp-content\/uploads\/2021\/11\/Charla-grupo-2048x1365.jpg 2048w\" sizes=\"auto, (max-width: 1024px) 100vw, 1024px\" \/><\/figure><\/li><li class=\"blocks-gallery-item\"><figure><img loading=\"lazy\" decoding=\"async\" width=\"1024\" height=\"1024\" src=\"https:\/\/www.radiopresidenteibanez.cl\/web\/wp-content\/uploads\/2021\/11\/01-Contactanos-1024x1024.png\" alt=\"\" data-id=\"25755\" data-full-url=\"https:\/\/www.radiopresidenteibanez.cl\/web\/wp-content\/uploads\/2021\/11\/01-Contactanos.png\" data-link=\"https:\/\/www.radiopresidenteibanez.cl\/web\/?attachment_id=25755\" class=\"wp-image-25755\" srcset=\"https:\/\/www.radiopresidenteibanez.cl\/web\/wp-content\/uploads\/2021\/11\/01-Contactanos-1024x1024.png 1024w, https:\/\/www.radiopresidenteibanez.cl\/web\/wp-content\/uploads\/2021\/11\/01-Contactanos-300x300.png 300w, https:\/\/www.radiopresidenteibanez.cl\/web\/wp-content\/uploads\/2021\/11\/01-Contactanos-150x150.png 150w, https:\/\/www.radiopresidenteibanez.cl\/web\/wp-content\/uploads\/2021\/11\/01-Contactanos-768x768.png 768w, https:\/\/www.radiopresidenteibanez.cl\/web\/wp-content\/uploads\/2021\/11\/01-Contactanos.png 1081w\" sizes=\"auto, (max-width: 1024px) 100vw, 1024px\" \/><\/figure><\/li><\/ul><\/figure>\n\n\n\n<p>En tanto, por la tarde, en el Regimiento Pudeto, el\npersonal de la Seremi de la Mujer se reuni\u00f3 con cerca de 40 integrantes de la\nagrupaci\u00f3n \u201cSe\u00f1oras del Ej\u00e9rcito de Chile\u201d quienes recibieron informaci\u00f3n sobre\nla primera atenci\u00f3n a mujeres que viven violencia y c\u00f3mo reconocer algunos\ns\u00edntomas y actitudes.&nbsp; La charla fue\nimpartida por la Profesional Asesora de la Seremi Alejandra Ruiz Ovando, quien\ntambi\u00e9n respondi\u00f3 a las consultas de las mujeres que mostraron gran inter\u00e9s en\nel tema.<\/p>\n","protected":false},"excerpt":{"rendered":"<p>Con objetivo de visibilizar la violencia que se ejerce sobre las mujeres. Diversas iniciativas desarroll\u00f3 la Secretar\u00eda Regional del Ministerio de la Mujer y la Equidad de G\u00e9nero en el&#8230; <a class=\"read-more\" href=\"https:\/\/www.radiopresidenteibanez.cl\/web\/campana-noestassola-marca-conmemoracion-del-dia-internacional-de-la-eliminacion-de-la-violencia-contra-la-mujer\/\">Leer m\u00e1s<\/a><\/p>\n","protected":false},"author":2,"featured_media":0,"comment_status":"closed","ping_status":"closed","sticky":false,"template":"","format":"standard","meta":{"footnotes":""},"categories":[1],"tags":[85,86,74,81],"class_list":["post-25753","post","type-post","status-publish","format-standard","hentry","category-cronica","tag-25-de-noviembre","tag-katherine-ibacache","tag-ministerio-de-la-mujer","tag-seremi-de-la-mujer"],"_links":{"self":[{"href":"https:\/\/www.radiopresidenteibanez.cl\/web\/wp-json\/wp\/v2\/posts\/25753","targetHints":{"allow":["GET"]}}],"collection":[{"href":"https:\/\/www.radiopresidenteibanez.cl\/web\/wp-json\/wp\/v2\/posts"}],"about":[{"href":"https:\/\/www.radiopresidenteibanez.cl\/web\/wp-json\/wp\/v2\/types\/post"}],"author":[{"embeddable":true,"href":"https:\/\/www.radiopresidenteibanez.cl\/web\/wp-json\/wp\/v2\/users\/2"}],"replies":[{"embeddable":true,"href":"https:\/\/www.radiopresidenteibanez.cl\/web\/wp-json\/wp\/v2\/comments?post=25753"}],"version-history":[{"count":0,"href":"https:\/\/www.radiopresidenteibanez.cl\/web\/wp-json\/wp\/v2\/posts\/25753\/revisions"}],"wp:attachment":[{"href":"https:\/\/www.radiopresidenteibanez.cl\/web\/wp-json\/wp\/v2\/media?parent=25753"}],"wp:term":[{"taxonomy":"category","embeddable":true,"href":"https:\/\/www.radiopresidenteibanez.cl\/web\/wp-json\/wp\/v2\/categories?post=25753"},{"taxonomy":"post_tag","embeddable":true,"href":"https:\/\/www.radiopresidenteibanez.cl\/web\/wp-json\/wp\/v2\/tags?post=25753"}],"curies":[{"name":"wp","href":"https:\/\/api.w.org\/{rel}","templated":true}]}}